{"id":2614,"date":"2026-04-24T13:35:02","date_gmt":"2026-04-24T13:35:02","guid":{"rendered":"https:\/\/saltonoticias.com.uy\/uy\/?p=2614"},"modified":"2026-04-24T13:35:02","modified_gmt":"2026-04-24T13:35:02","slug":"coalicion-republicana-rechaza-modificaciones-al-sistema-previsional-y-refiere-a-apropiacion-de-fondos-de-trabajadores","status":"publish","type":"post","link":"https:\/\/saltonoticias.com.uy\/uy\/coalicion-republicana-rechaza-modificaciones-al-sistema-previsional-y-refiere-a-apropiacion-de-fondos-de-trabajadores\/","title":{"rendered":"Coalici\u00f3n Republicana rechaza modificaciones al sistema previsional y refiere a \u00abapropiaci\u00f3n\u00bb de fondos de trabajadores"},"content":{"rendered":"\n<p>La bancada de legisladores de la Coalici\u00f3n Republicana expres\u00f3 este jueves \u00absu m\u00e1s firme rechazo a las modificaciones impulsadas en el sistema previsional que avanzan hacia la apropiaci\u00f3n estatal de los fondos de los trabajadores\u00bb.<\/p>\n\n\n\n<p>Seg\u00fan la oposici\u00f3n, este camino reproduce experiencias que fracasaron como la de Argentina en la \u00e9poca del kircherismo con apropiaci\u00f3n de ahorros jubilatorios, destrucci\u00f3n de la confianza y debilitamiento de la seguridad jur\u00eddica.<\/p>\n\n\n\n<p>\u00abSe pretende sustituir un sistema donde el trabajador elige y controla, por otro donde queda cautivo. Eso no es una mejora: es un retroceso\u00bb, afirman los legisladores.<\/p>\n\n\n\n<p>La coalici\u00f3n sostiene que los cambios surgen en un momento de crecimiento del pa\u00eds por debajo de lo previsto y en un contexto internacional adverso. Adem\u00e1s, generar\u00e1n incertidumbre, afectar\u00e1n la credibilidad y la estabilidad, y erosionan la confianza.<\/p>\n\n\n\n<p>Desde la oposici\u00f3n, indican que la ciudadan\u00eda ya rechaz\u00f3 ese camino e insistir es desconocer ese pronunciamiento. \u00abLos fondos de jubilaci\u00f3n no son del gobierno ni de los sindicatos. Son de quienes los generaron\u00bb, afirman.<\/p>\n\n\n\n<p>La Coalici\u00f3n Republicana convocar\u00e1 al ministro de Econom\u00eda y Finanzas, Gabriel Oddone, y de Trabajo y Seguridad Social, Juan Castillo, al Parlamento.<\/p>\n\n\n\n<p>El gobierno presentar\u00e1 la semana pr\u00f3xima el documento con los resultados del di\u00e1logo social sobre el sistema previsional. Seg\u00fan pudo saber Subrayado, se mantiene el ahorro individual pero se propone que lo administre un organismo estatal.<\/p>\n\n\n\n<p>Causa Abierta.<\/p>\n","protected":false},"excerpt":{"rendered":"<p>La bancada de legisladores de la Coalici\u00f3n Republicana expres\u00f3 este jueves \u00absu m\u00e1s firme rechazo&#8230;<\/p>\n","protected":false},"author":5,"featured_media":2617,"comment_status":"closed","ping_status":"open","sticky":false,"template":"","format":"standard","meta":{"footnotes":""},"categories":[17],"tags":[],"class_list":["post-2614","post","type-post","status-publish","format-standard","has-post-thumbnail","hentry","category-nacionales"],"_links":{"self":[{"href":"https:\/\/saltonoticias.com.uy\/uy\/wp-json\/wp\/v2\/posts\/2614","targetHints":{"allow":["GET"]}}],"collection":[{"href":"https:\/\/saltonoticias.com.uy\/uy\/wp-json\/wp\/v2\/posts"}],"about":[{"href":"https:\/\/saltonoticias.com.uy\/uy\/wp-json\/wp\/v2\/types\/post"}],"author":[{"embeddable":true,"href":"https:\/\/saltonoticias.com.uy\/uy\/wp-json\/wp\/v2\/users\/5"}],"replies":[{"embeddable":true,"href":"https:\/\/saltonoticias.com.uy\/uy\/wp-json\/wp\/v2\/comments?post=2614"}],"version-history":[{"count":1,"href":"https:\/\/saltonoticias.com.uy\/uy\/wp-json\/wp\/v2\/posts\/2614\/revisions"}],"predecessor-version":[{"id":2620,"href":"https:\/\/saltonoticias.com.uy\/uy\/wp-json\/wp\/v2\/posts\/2614\/revisions\/2620"}],"wp:featuredmedia":[{"embeddable":true,"href":"https:\/\/saltonoticias.com.uy\/uy\/wp-json\/wp\/v2\/media\/2617"}],"wp:attachment":[{"href":"https:\/\/saltonoticias.com.uy\/uy\/wp-json\/wp\/v2\/media?parent=2614"}],"wp:term":[{"taxonomy":"category","embeddable":true,"href":"https:\/\/saltonoticias.com.uy\/uy\/wp-json\/wp\/v2\/categories?post=2614"},{"taxonomy":"post_tag","embeddable":true,"href":"https:\/\/saltonoticias.com.uy\/uy\/wp-json\/wp\/v2\/tags?post=2614"}],"curies":[{"name":"wp","href":"https:\/\/api.w.org\/{rel}","templated":true}]}}