{"id":2734,"date":"2026-04-25T19:56:09","date_gmt":"2026-04-25T19:56:09","guid":{"rendered":"https:\/\/saltonoticias.com.uy\/uy\/?p=2734"},"modified":"2026-04-25T19:56:09","modified_gmt":"2026-04-25T19:56:09","slug":"el-hombre-asesinado-en-kibon-era-barra-de-penarol-y-fue-atacado-por-hinchas-de-nacional","status":"publish","type":"post","link":"https:\/\/saltonoticias.com.uy\/uy\/el-hombre-asesinado-en-kibon-era-barra-de-penarol-y-fue-atacado-por-hinchas-de-nacional\/","title":{"rendered":"EL HOMBRE ASESINADO EN KIB\u00d3N ERA BARRA DE PE\u00d1AROL Y FUE ATACADO POR HINCHAS DE NACIONAL"},"content":{"rendered":"\n<p>El hombre asesinado este s\u00e1bado a las 6:30 en la rambla de Kib\u00f3n era un barra de Pe\u00f1arol y fue atacado a tiros por hinchas de Nacional tras salir de un boliche. <\/p>\n\n\n\n<p>Seg\u00fan la informaci\u00f3n primaria, el hecho se origin\u00f3 en una discusi\u00f3n dentro del local vinculada al f\u00fatbol. La v\u00edctima hab\u00eda sido uno de los 21 hinchas de Pe\u00f1arol detenidos en Brasil, tras los incidentes registrados en R\u00edo de Janeiro en la previa de la semifinal de la Copa Libertadores frente a Botafogo. <\/p>\n\n\n\n<p>Adem\u00e1s, estaba vinculado al barrio Cerro Norte. (+) en Montevideo Portal: <a href=\"https:\/\/t.co\/rjJoflHJ1f\" target=\"_blank\" rel=\"noreferrer noopener\">http:\/\/m.uy\/uc960148<\/a><\/p>\n\n\n\n<p>Montevideo Portal.<\/p>\n","protected":false},"excerpt":{"rendered":"<p>El hombre asesinado este s\u00e1bado a las 6:30 en la rambla de Kib\u00f3n era un&#8230;<\/p>\n","protected":false},"author":5,"featured_media":2737,"comment_status":"closed","ping_status":"open","sticky":false,"template":"","format":"standard","meta":{"footnotes":""},"categories":[17],"tags":[],"class_list":["post-2734","post","type-post","status-publish","format-standard","has-post-thumbnail","hentry","category-nacionales"],"_links":{"self":[{"href":"https:\/\/saltonoticias.com.uy\/uy\/wp-json\/wp\/v2\/posts\/2734","targetHints":{"allow":["GET"]}}],"collection":[{"href":"https:\/\/saltonoticias.com.uy\/uy\/wp-json\/wp\/v2\/posts"}],"about":[{"href":"https:\/\/saltonoticias.com.uy\/uy\/wp-json\/wp\/v2\/types\/post"}],"author":[{"embeddable":true,"href":"https:\/\/saltonoticias.com.uy\/uy\/wp-json\/wp\/v2\/users\/5"}],"replies":[{"embeddable":true,"href":"https:\/\/saltonoticias.com.uy\/uy\/wp-json\/wp\/v2\/comments?post=2734"}],"version-history":[{"count":1,"href":"https:\/\/saltonoticias.com.uy\/uy\/wp-json\/wp\/v2\/posts\/2734\/revisions"}],"predecessor-version":[{"id":2740,"href":"https:\/\/saltonoticias.com.uy\/uy\/wp-json\/wp\/v2\/posts\/2734\/revisions\/2740"}],"wp:featuredmedia":[{"embeddable":true,"href":"https:\/\/saltonoticias.com.uy\/uy\/wp-json\/wp\/v2\/media\/2737"}],"wp:attachment":[{"href":"https:\/\/saltonoticias.com.uy\/uy\/wp-json\/wp\/v2\/media?parent=2734"}],"wp:term":[{"taxonomy":"category","embeddable":true,"href":"https:\/\/saltonoticias.com.uy\/uy\/wp-json\/wp\/v2\/categories?post=2734"},{"taxonomy":"post_tag","embeddable":true,"href":"https:\/\/saltonoticias.com.uy\/uy\/wp-json\/wp\/v2\/tags?post=2734"}],"curies":[{"name":"wp","href":"https:\/\/api.w.org\/{rel}","templated":true}]}}