{"id":2743,"date":"2026-04-25T19:56:57","date_gmt":"2026-04-25T19:56:57","guid":{"rendered":"https:\/\/saltonoticias.com.uy\/uy\/?p=2743"},"modified":"2026-04-25T19:56:57","modified_gmt":"2026-04-25T19:56:57","slug":"vi-congreso-internacional-de-derecho-informatico-dejo-un-excelente-balance-academico","status":"publish","type":"post","link":"https:\/\/saltonoticias.com.uy\/uy\/vi-congreso-internacional-de-derecho-informatico-dejo-un-excelente-balance-academico\/","title":{"rendered":"VI Congreso Internacional de Derecho Inform\u00e1tico dejo un excelente balance acad\u00e9mico."},"content":{"rendered":"\n<p>En el marco de esta instancia de intercambio y construcci\u00f3n colectiva, resulta pertinente realizar un balance altamente positivo sobre los avances y debates en materia de seguridad p\u00fablica, particularmente a partir de la experiencia del modelo Lince de Santa Fe, que ha demostrado ser una estrategia innovadora y eficaz en la prevenci\u00f3n del delito y la respuesta operativa en territorio.<\/p>\n\n\n\n<p>Asimismo, se destac\u00f3 el creciente rol de la inteligencia artificial ag\u00e9ntica como herramienta de apoyo en la toma de decisiones, permitiendo mejorar la trazabilidad de la informaci\u00f3n, la anticipaci\u00f3n de riesgos y la optimizaci\u00f3n de recursos en contextos complejos. En paralelo, la incorporaci\u00f3n de sistemas de historia cl\u00ednica digital evidencia la importancia de la interoperabilidad de datos para fortalecer pol\u00edticas p\u00fablicas integrales, especialmente en la articulaci\u00f3n entre seguridad y salud.<\/p>\n\n\n\n<p>En el \u00e1mbito de los ciberdelitos, se evidenci\u00f3 la necesidad de profundizar capacidades t\u00e9cnicas y marcos normativos frente a fen\u00f3menos en expansi\u00f3n, tales como los fraudes digitales, los chats falsos y las nuevas modalidades de enga\u00f1o en entornos virtuales. Estos desaf\u00edos se vinculan directamente con la protecci\u00f3n de los activos econ\u00f3micos y la confianza en los sistemas digitales, aspectos cr\u00edticos en econom\u00edas cada vez m\u00e1s digitalizadas.<\/p>\n\n\n\n<p>Por otra parte, el an\u00e1lisis del microtrabajo permiti\u00f3 visibilizar nuevas din\u00e1micas laborales emergentes, con oportunidades pero tambi\u00e9n con riesgos asociados a la precarizaci\u00f3n y la falta de regulaci\u00f3n adecuada, lo que demanda una mirada integral desde las pol\u00edticas p\u00fablicas.<\/p>\n\n\n\n<p>En s\u00edntesis, los temas abordados reflejan una agenda contempor\u00e1nea, multidimensional y en constante evoluci\u00f3n, donde la innovaci\u00f3n tecnol\u00f3gica, la seguridad y el desarrollo econ\u00f3mico se entrelazan de manera creciente.<\/p>\n\n\n\n<p>Finalmente, expresamos un sincero agradecimiento a las instituciones auspiciantes, autoridades que visitaron diferentes momentos nuetro Congreso y as\u00ed como a todos los participantes, expositores y equipos t\u00e9cnicos, cuyo compromiso y aporte han sido fundamentales para el enriquecimiento de este espacio acad\u00e9mico. Ahora a pensar en el VII Congreso Internacional de Derecho Digital.<\/p>\n","protected":false},"excerpt":{"rendered":"<p>En el marco de esta instancia de intercambio y construcci\u00f3n colectiva, resulta pertinente realizar un&#8230;<\/p>\n","protected":false},"author":5,"featured_media":2746,"comment_status":"closed","ping_status":"open","sticky":false,"template":"","format":"standard","meta":{"footnotes":""},"categories":[8],"tags":[],"class_list":["post-2743","post","type-post","status-publish","format-standard","has-post-thumbnail","hentry","category-locales"],"_links":{"self":[{"href":"https:\/\/saltonoticias.com.uy\/uy\/wp-json\/wp\/v2\/posts\/2743","targetHints":{"allow":["GET"]}}],"collection":[{"href":"https:\/\/saltonoticias.com.uy\/uy\/wp-json\/wp\/v2\/posts"}],"about":[{"href":"https:\/\/saltonoticias.com.uy\/uy\/wp-json\/wp\/v2\/types\/post"}],"author":[{"embeddable":true,"href":"https:\/\/saltonoticias.com.uy\/uy\/wp-json\/wp\/v2\/users\/5"}],"replies":[{"embeddable":true,"href":"https:\/\/saltonoticias.com.uy\/uy\/wp-json\/wp\/v2\/comments?post=2743"}],"version-history":[{"count":1,"href":"https:\/\/saltonoticias.com.uy\/uy\/wp-json\/wp\/v2\/posts\/2743\/revisions"}],"predecessor-version":[{"id":2749,"href":"https:\/\/saltonoticias.com.uy\/uy\/wp-json\/wp\/v2\/posts\/2743\/revisions\/2749"}],"wp:featuredmedia":[{"embeddable":true,"href":"https:\/\/saltonoticias.com.uy\/uy\/wp-json\/wp\/v2\/media\/2746"}],"wp:attachment":[{"href":"https:\/\/saltonoticias.com.uy\/uy\/wp-json\/wp\/v2\/media?parent=2743"}],"wp:term":[{"taxonomy":"category","embeddable":true,"href":"https:\/\/saltonoticias.com.uy\/uy\/wp-json\/wp\/v2\/categories?post=2743"},{"taxonomy":"post_tag","embeddable":true,"href":"https:\/\/saltonoticias.com.uy\/uy\/wp-json\/wp\/v2\/tags?post=2743"}],"curies":[{"name":"wp","href":"https:\/\/api.w.org\/{rel}","templated":true}]}}