{"id":2752,"date":"2026-04-25T20:57:55","date_gmt":"2026-04-25T20:57:55","guid":{"rendered":"https:\/\/saltonoticias.com.uy\/uy\/?p=2752"},"modified":"2026-04-25T20:57:55","modified_gmt":"2026-04-25T20:57:55","slug":"pedidosya-y-el-sindicato-de-trabajadores-solicitan-una-reunion-con-el-gobierno-tras-homicidios","status":"publish","type":"post","link":"https:\/\/saltonoticias.com.uy\/uy\/pedidosya-y-el-sindicato-de-trabajadores-solicitan-una-reunion-con-el-gobierno-tras-homicidios\/","title":{"rendered":"PEDIDOSYA Y EL SINDICATO DE TRABAJADORES SOLICITAN UNA REUNI\u00d3N CON EL GOBIERNO TRAS HOMICIDIOS"},"content":{"rendered":"\n<p>Con el asesinato de un repartidor durante la noche del viernes, en Carrasco Norte, ya son tres los homicidios a esta clase de trabajadores en solo 10 d\u00edas. Ante esto, PedidosYa expres\u00f3 su \u201cprofundo\u201d pesar y los trabajadores denuncian que los \u00abest\u00e1n matando por trabajar\u201d. <\/p>\n\n\n\n<p>Postura de la empresa PedidosYa lament\u00f3 \u201cprofundamente\u201d la muerte y se\u00f1al\u00f3 que \u201cnuevamente\u00bb se encuentran \u00abante la triste situaci\u00f3n\u201d de perder a un repartidor por la inseguridad. Por ello, la empresa anunci\u00f3 que buscar\u00e1 reunirse con el Ministerio del Interior y que brindar\u00e1 apoyo a sus trabajadores. <\/p>\n\n\n\n<p>Reclamo de los compa\u00f1eros La Uni\u00f3n de Trabajadores de PedidosYa fue contundente: \u201cUna vez m\u00e1s la violencia arrebata a un compa\u00f1ero mientras trabajaba\u201d. Adem\u00e1s, exigieron \u201cmedidas urgentes de seguridad\u201d y reclamaron a la empresa \u201cm\u00e1s protecci\u00f3n, protocolos efectivos y responsabilidad real\u201d. <\/p>\n\n\n\n<p>Movilizaci\u00f3n El gremio convoc\u00f3 a una movilizaci\u00f3n en el Centro de Montevideo en memoria de Jos\u00e9 Eduardo y otros trabajadores fallecidos. El caso se suma a otros hechos recientes que refuerzan la preocupaci\u00f3n por la seguridad de los repartidores. (+) en Montevideo Portal: <a href=\"https:\/\/t.co\/qEOpLE1LYS\" target=\"_blank\" rel=\"noreferrer noopener\">http:\/\/m.uy\/uc960162<\/a><\/p>\n\n\n\n<p>Montevideo Portal.<\/p>\n","protected":false},"excerpt":{"rendered":"<p>Con el asesinato de un repartidor durante la noche del viernes, en Carrasco Norte, ya&#8230;<\/p>\n","protected":false},"author":5,"featured_media":2755,"comment_status":"closed","ping_status":"open","sticky":false,"template":"","format":"standard","meta":{"footnotes":""},"categories":[17],"tags":[],"class_list":["post-2752","post","type-post","status-publish","format-standard","has-post-thumbnail","hentry","category-nacionales"],"_links":{"self":[{"href":"https:\/\/saltonoticias.com.uy\/uy\/wp-json\/wp\/v2\/posts\/2752","targetHints":{"allow":["GET"]}}],"collection":[{"href":"https:\/\/saltonoticias.com.uy\/uy\/wp-json\/wp\/v2\/posts"}],"about":[{"href":"https:\/\/saltonoticias.com.uy\/uy\/wp-json\/wp\/v2\/types\/post"}],"author":[{"embeddable":true,"href":"https:\/\/saltonoticias.com.uy\/uy\/wp-json\/wp\/v2\/users\/5"}],"replies":[{"embeddable":true,"href":"https:\/\/saltonoticias.com.uy\/uy\/wp-json\/wp\/v2\/comments?post=2752"}],"version-history":[{"count":1,"href":"https:\/\/saltonoticias.com.uy\/uy\/wp-json\/wp\/v2\/posts\/2752\/revisions"}],"predecessor-version":[{"id":2758,"href":"https:\/\/saltonoticias.com.uy\/uy\/wp-json\/wp\/v2\/posts\/2752\/revisions\/2758"}],"wp:featuredmedia":[{"embeddable":true,"href":"https:\/\/saltonoticias.com.uy\/uy\/wp-json\/wp\/v2\/media\/2755"}],"wp:attachment":[{"href":"https:\/\/saltonoticias.com.uy\/uy\/wp-json\/wp\/v2\/media?parent=2752"}],"wp:term":[{"taxonomy":"category","embeddable":true,"href":"https:\/\/saltonoticias.com.uy\/uy\/wp-json\/wp\/v2\/categories?post=2752"},{"taxonomy":"post_tag","embeddable":true,"href":"https:\/\/saltonoticias.com.uy\/uy\/wp-json\/wp\/v2\/tags?post=2752"}],"curies":[{"name":"wp","href":"https:\/\/api.w.org\/{rel}","templated":true}]}}