{"id":2761,"date":"2026-04-26T12:51:50","date_gmt":"2026-04-26T12:51:50","guid":{"rendered":"https:\/\/saltonoticias.com.uy\/uy\/?p=2761"},"modified":"2026-04-26T12:51:51","modified_gmt":"2026-04-26T12:51:51","slug":"curso-idoneo-en-manejo-poscosecha-de-granos","status":"publish","type":"post","link":"https:\/\/saltonoticias.com.uy\/uy\/curso-idoneo-en-manejo-poscosecha-de-granos\/","title":{"rendered":"Curso id\u00f3neo en manejo poscosecha de granos"},"content":{"rendered":"\n<p>En junio comienza una nueva edici\u00f3n del curso organizado por las Cooperativas Agrarias Federadas (CAF) y el Ministerio de Ganader\u00eda, Agricultura y Pesca (MGAP), para profesionalizar el trabajo de manejo y conservaci\u00f3n de los granos. Las inscripciones abren el 4 de mayo.<\/p>\n\n\n\n<p>Bajo el t\u00edtulo Curso Id\u00f3neo en Manejo Poscosecha de Granos 2026, el MGAP y CAF, convocan a personas con ciclo b\u00e1sico aprobado, as\u00ed como t\u00e9cnicos y operadores que ya trabajen en el \u00e1rea post cosecha de granos, que quieran profesionalizar, capacitarse y actualizar sus conocimientos en el \u00e1rea.<\/p>\n\n\n\n<p>El curso completo est\u00e1 compuesto por cuatro m\u00f3dulos, todos ellos presenciales, a desarrollarse entre Montevideo y Dolores, entre junio y octubre de este a\u00f1o.<\/p>\n\n\n\n<p>Cada m\u00f3dulo se puede cursar de forma independiente, siendo el m\u00f3dulo I obligatorio y previo a cualquier otro.<\/p>\n\n\n\n<p>El costo es de U$S 290 por m\u00f3dulo (incluye almuerzo) y se entrega certificado por cada m\u00f3dulo aprobado, y aquellos estudiantes que aprueben los cuatro m\u00f3dulos obtendr\u00e1n el certificado de \u201cId\u00f3neo en Manejo Poscosecha de Granos\u201d.<\/p>\n\n\n\n<p>Por consultas, llamar al 29000012 o escribir a secretaria@caf.org.uy<\/p>\n\n\n\n<p>Fuente -. El Tel\u00e9grafo.<\/p>\n","protected":false},"excerpt":{"rendered":"<p>En junio comienza una nueva edici\u00f3n del curso organizado por las Cooperativas Agrarias Federadas (CAF)&#8230;<\/p>\n","protected":false},"author":5,"featured_media":2764,"comment_status":"closed","ping_status":"open","sticky":false,"template":"","format":"standard","meta":{"footnotes":""},"categories":[17],"tags":[],"class_list":["post-2761","post","type-post","status-publish","format-standard","has-post-thumbnail","hentry","category-nacionales"],"_links":{"self":[{"href":"https:\/\/saltonoticias.com.uy\/uy\/wp-json\/wp\/v2\/posts\/2761","targetHints":{"allow":["GET"]}}],"collection":[{"href":"https:\/\/saltonoticias.com.uy\/uy\/wp-json\/wp\/v2\/posts"}],"about":[{"href":"https:\/\/saltonoticias.com.uy\/uy\/wp-json\/wp\/v2\/types\/post"}],"author":[{"embeddable":true,"href":"https:\/\/saltonoticias.com.uy\/uy\/wp-json\/wp\/v2\/users\/5"}],"replies":[{"embeddable":true,"href":"https:\/\/saltonoticias.com.uy\/uy\/wp-json\/wp\/v2\/comments?post=2761"}],"version-history":[{"count":1,"href":"https:\/\/saltonoticias.com.uy\/uy\/wp-json\/wp\/v2\/posts\/2761\/revisions"}],"predecessor-version":[{"id":2767,"href":"https:\/\/saltonoticias.com.uy\/uy\/wp-json\/wp\/v2\/posts\/2761\/revisions\/2767"}],"wp:featuredmedia":[{"embeddable":true,"href":"https:\/\/saltonoticias.com.uy\/uy\/wp-json\/wp\/v2\/media\/2764"}],"wp:attachment":[{"href":"https:\/\/saltonoticias.com.uy\/uy\/wp-json\/wp\/v2\/media?parent=2761"}],"wp:term":[{"taxonomy":"category","embeddable":true,"href":"https:\/\/saltonoticias.com.uy\/uy\/wp-json\/wp\/v2\/categories?post=2761"},{"taxonomy":"post_tag","embeddable":true,"href":"https:\/\/saltonoticias.com.uy\/uy\/wp-json\/wp\/v2\/tags?post=2761"}],"curies":[{"name":"wp","href":"https:\/\/api.w.org\/{rel}","templated":true}]}}