{"id":2791,"date":"2026-04-26T13:07:13","date_gmt":"2026-04-26T13:07:13","guid":{"rendered":"https:\/\/saltonoticias.com.uy\/uy\/?p=2791"},"modified":"2026-04-26T13:07:13","modified_gmt":"2026-04-26T13:07:13","slug":"nacional-no-pudo-con-danubio-y-cayo-en-el-gran-parque-central","status":"publish","type":"post","link":"https:\/\/saltonoticias.com.uy\/uy\/nacional-no-pudo-con-danubio-y-cayo-en-el-gran-parque-central\/","title":{"rendered":"Nacional no pudo con Danubio y cay\u00f3 en el Gran Parque Central"},"content":{"rendered":"\n<p>El encuentro comenz\u00f3 parejo, con mucha disputa en la mitad de la cancha y dos equipos m\u00e1s preocupados por mantener el orden que por asumir riesgos. En ese contexto, Nacional fue el primero en insinuar peligro y con el correr de los minutos logr\u00f3 instalarse en campo rival.<\/p>\n\n\n\n<p id=\"p-1777166718980-1238\">El conjunto albo avis\u00f3 primero con un remate de Nicol\u00e1s \u201cDiente\u201d L\u00f3pez y luego con una buena proyecci\u00f3n de Baltasar Barcia por derecha que no pudo capitalizar Pavel N\u00fa\u00f1ez. M\u00e1s tarde, Nacional volvi\u00f3 a acercarse con claridad tras un despeje corto de Sebasti\u00e1n Rodr\u00edguez que Nicol\u00e1s Lodeiro conect\u00f3 de primera, obligando a una buena intervenci\u00f3n de Mauro Goicoechea.<\/p>\n\n\n\n<p id=\"p-1777166718980-57987\">Danubio, fue prolijo para mover la pelota desde la mitad del campo, con Mateo Peralta e Iv\u00e1n Rossi como ejes, aunque sin peso ofensivo para inquietar a Luis Mej\u00eda, que tuvo una primera mitad sin exigencias.<\/p>\n\n\n\n<p id=\"p-1777166718980-54557\">Los tricolores continuaron siendo m\u00e1s punzantes en ofensiva, con otro intento de Lodeiro y la velocidad de Barcia complicando de forma constante a la defensa visitante, especialmente por el sector de Leandro Sosa. Sin embargo, la falta de eficacia mantuvo el cero al cierre de un primer tiempo en el que Nacional hizo m\u00e1s, pero no logr\u00f3 traducirlo en el marcador.<\/p>\n\n\n\n<p id=\"p-1777166718980-31356\">El complemento modific\u00f3 por completo el desarrollo. Jorge Bava movi\u00f3 el banco con el ingreso de Agust\u00edn Dos Santos por Lucas Rodr\u00edguez, pero Nacional perdi\u00f3 solidez en la mitad de la cancha y comenz\u00f3 a ceder espacios.<\/p>\n\n\n\n<p id=\"p-1777166718980-77310\">A los 50 minutos lleg\u00f3 la jugada que marc\u00f3 el partido: Nicol\u00e1s Lodeiro fue expulsado con roja directa tras una dura infracci\u00f3n sobre Camilo Mayada y dej\u00f3 a Nacional con diez futbolistas. Un minuto m\u00e1s tarde, Danubio aprovech\u00f3 el desconcierto local y abri\u00f3 el marcador con un potente remate de larga distancia de Mateo Peralta que sorprendi\u00f3 a Luis Mej\u00eda, adelantado, para el 1-0.<\/p>\n\n\n\n<p id=\"p-1777166718980-15754\">Gol y golpe para Nacional, que intent\u00f3 reaccionar con variantes, mientras Gustavo Matosas tambi\u00e9n movi\u00f3 piezas para sostener la ventaja. Pavel N\u00fa\u00f1ez tuvo el empate, pero volvi\u00f3 a responder Goicoechea con una gran atajada.<\/p>\n\n\n\n<p id=\"p-1777166718980-8804\">El empate lleg\u00f3 a los 67 minutos. Tras un tiro de esquina, Agust\u00edn Rogel primere\u00f3 de cabeza en el \u00e1rea y aprovech\u00f3 una mala salida de Goicoechea para marcar el 1-1 y devolverle esperanza al equipo tricolor.<\/p>\n\n\n\n<p id=\"p-1777166718980-92196\">El gol impuls\u00f3 a Nacional, que empuj\u00f3 por la remontada pese a la inferioridad num\u00e9rica, pero Danubio volvi\u00f3 a golpear en el momento justo. A los 75 minutos, un centro desde la izquierda encontr\u00f3 sin marca a Enzo Cabrera, que defini\u00f3 con calidad para establecer el 2-1 definitivo.<\/p>\n\n\n\n<p id=\"p-1777166718980-94659\">En el tramo final, Nacional sinti\u00f3 el desgaste f\u00edsico y la desventaja num\u00e9rica. Sin claridad en la generaci\u00f3n y sin energ\u00eda para volver a empatar, el equipo de Bava fue perdiendo peso ofensivo. Danubio, en cambio, administr\u00f3 la ventaja con inteligencia y cerr\u00f3 el partido sin mayores sobresaltos.<\/p>\n\n\n\n<p id=\"p-1777166718980-16897\">El triunfo le permiti\u00f3 al equipo de Gustavo Matosas cortar una racha de seis partidos sin victorias, mientras que Nacional volvi\u00f3 a tropezar en el Gran Parque Central, acumul\u00f3 20 puntos perdidos de 39 posibles y qued\u00f3 definitivamente fuera de la pelea por el Torneo Apertura.<\/p>\n\n\n\n<p id=\"p-1777166718980-47153\"><strong>Nacional:<\/strong>&nbsp;Luis Mej\u00eda, Nicol\u00e1s Rodr\u00edguez (66&#8242; Tom\u00e1s Ver\u00f3n Lupi), Agust\u00edn Rogel, Sebasti\u00e1n Coates, Federico Bais, Lucas Rodr\u00edguez (46&#8242; Agust\u00edn Dos Santos), Luciano Boggio (82&#8242; Rodrigo Mart\u00ednez), Baltasar Barcia (87&#8242; Juan Pintado, Nicol\u00e1s Lodeiro, Pavel N\u00fa\u00f1ez y Nicol\u00e1s L\u00f3pez (87&#8242; Exequiel Mereles).&nbsp;<strong>DT<\/strong>: Jorge Bava.<\/p>\n\n\n\n<p id=\"p-1777166718980-54732\"><strong>Danubio:&nbsp;<\/strong>Mauro Goicoechea, Camilo Mayada, Emiliano Vel\u00e1zquez, Mateo Rinaldi (74&#8242; Mart\u00edn Jourdan), Tom\u00e1s Cavanagh (38&#8242; Joaqu\u00edn Pereyra), Iv\u00e1n Rossi, Sebasti\u00e1n Rodr\u00edguez (74&#8242; Enrique Femia), Ignacio Sosa, Mateo Peralta, Maicol Ferreira (66&#8242; Nicol\u00e1s Azambuja) y Sebasti\u00e1n Fern\u00e1ndez (66&#8242; Enzo Cabrera).&nbsp;<strong>DT:<\/strong>&nbsp;Gustavo Matosas.<\/p>\n\n\n\n<p>Telenoche<\/p>\n","protected":false},"excerpt":{"rendered":"<p>Nicol\u00e1s Lodeiro se fue expulsado<\/p>\n","protected":false},"author":5,"featured_media":2794,"comment_status":"closed","ping_status":"open","sticky":false,"template":"","format":"standard","meta":{"footnotes":""},"categories":[11],"tags":[],"class_list":["post-2791","post","type-post","status-publish","format-standard","has-post-thumbnail","hentry","category-deportes"],"_links":{"self":[{"href":"https:\/\/saltonoticias.com.uy\/uy\/wp-json\/wp\/v2\/posts\/2791","targetHints":{"allow":["GET"]}}],"collection":[{"href":"https:\/\/saltonoticias.com.uy\/uy\/wp-json\/wp\/v2\/posts"}],"about":[{"href":"https:\/\/saltonoticias.com.uy\/uy\/wp-json\/wp\/v2\/types\/post"}],"author":[{"embeddable":true,"href":"https:\/\/saltonoticias.com.uy\/uy\/wp-json\/wp\/v2\/users\/5"}],"replies":[{"embeddable":true,"href":"https:\/\/saltonoticias.com.uy\/uy\/wp-json\/wp\/v2\/comments?post=2791"}],"version-history":[{"count":1,"href":"https:\/\/saltonoticias.com.uy\/uy\/wp-json\/wp\/v2\/posts\/2791\/revisions"}],"predecessor-version":[{"id":2797,"href":"https:\/\/saltonoticias.com.uy\/uy\/wp-json\/wp\/v2\/posts\/2791\/revisions\/2797"}],"wp:featuredmedia":[{"embeddable":true,"href":"https:\/\/saltonoticias.com.uy\/uy\/wp-json\/wp\/v2\/media\/2794"}],"wp:attachment":[{"href":"https:\/\/saltonoticias.com.uy\/uy\/wp-json\/wp\/v2\/media?parent=2791"}],"wp:term":[{"taxonomy":"category","embeddable":true,"href":"https:\/\/saltonoticias.com.uy\/uy\/wp-json\/wp\/v2\/categories?post=2791"},{"taxonomy":"post_tag","embeddable":true,"href":"https:\/\/saltonoticias.com.uy\/uy\/wp-json\/wp\/v2\/tags?post=2791"}],"curies":[{"name":"wp","href":"https:\/\/api.w.org\/{rel}","templated":true}]}}