{"id":2812,"date":"2026-04-26T15:14:12","date_gmt":"2026-04-26T15:14:12","guid":{"rendered":"https:\/\/saltonoticias.com.uy\/uy\/?p=2812"},"modified":"2026-04-26T15:14:12","modified_gmt":"2026-04-26T15:14:12","slug":"se-cumplen-40-anos-de-la-tragedia-de-chernobil","status":"publish","type":"post","link":"https:\/\/saltonoticias.com.uy\/uy\/se-cumplen-40-anos-de-la-tragedia-de-chernobil\/","title":{"rendered":"Se cumplen 40 a\u00f1os de la tragedia de Chern\u00f3bil"},"content":{"rendered":"\n<p>El 25 de abril de 1986, un reactor explot\u00f3 en la entonces Uni\u00f3n Sovi\u00e9tica y se liberaron hasta 200 toneladas de material radiactivo.<\/p>\n\n\n\n<figure class=\"wp-block-image size-full\"><a href=\"https:\/\/saltonoticias.com.uy\/uy\/wp-content\/uploads\/2026\/04\/796572.jpg\"><img loading=\"lazy\" decoding=\"async\" width=\"800\" height=\"532\" src=\"https:\/\/saltonoticias.com.uy\/uy\/wp-content\/uploads\/2026\/04\/796572.jpg\" alt=\"\" class=\"wp-image-2815\" srcset=\"https:\/\/saltonoticias.com.uy\/uy\/wp-content\/uploads\/2026\/04\/796572.jpg 800w, https:\/\/saltonoticias.com.uy\/uy\/wp-content\/uploads\/2026\/04\/796572-300x200.jpg 300w, https:\/\/saltonoticias.com.uy\/uy\/wp-content\/uploads\/2026\/04\/796572-768x511.jpg 768w\" sizes=\"auto, (max-width: 800px) 100vw, 800px\" \/><\/a><\/figure>\n\n\n\n<p><em>Foto: Wikimedia Commons, 2011<\/em><\/p>\n\n\n\n<p>Este domingo se cumplen 40 a\u00f1os de la tragedia de Chern\u00f3bil, cuando el pasado 25 de abril de 1986&nbsp;<strong>un reactor nuclear de una planta explot\u00f3 en la entonces Uni\u00f3n Sovi\u00e9tica y actual Ucrania.<\/strong><strong><\/strong><\/p>\n\n\n\n<p>El presidente ucraniano, Volod\u00edmir Zelenski,&nbsp;<strong>record\u00f3 los hechos ocurridos en Chern\u00f3bil y tambi\u00e9n afirm\u00f3 que drones Shaheds circulan de forma continua por el espacio a\u00e9reo de la antigua planta nuclear<\/strong>&nbsp;y que incluso uno de ellos se estrell\u00f3 el a\u00f1o pasado contra el sarc\u00f3fago que contiene la radiaci\u00f3n.<\/p>\n\n\n\n<p>El mandatario sostuvo que:&nbsp;<strong>\u201cEl mundo no debe permitir que este terrorismo nuclear contin\u00fae, y la mejor manera de lograrlo es obligar a Rusia a detener sus ataques insensatos\u201d.<\/strong><strong><\/strong><\/p>\n\n\n\n<p>Tambi\u00e9n se expres\u00f3 sobre las v\u00edctimas y afirm\u00f3: \u201c<strong>Recordamos a todos los que dieron su vida al afrontar las consecuencias de esta tragedia.<\/strong><strong>&nbsp;Que la memoria de todas las v\u00edctimas del desastre de Chern\u00f3bil perdure\u201d.<\/strong><\/p>\n\n\n\n<p>La explosi\u00f3n implic\u00f3 que se liberaran a la atm\u00f3sfera&nbsp;<strong>hasta 200 toneladas de material radiactivo, cuya potencia, a modo de ejemplo, equivale a&nbsp;<\/strong><strong>entre 100 y 500 bombas at\u00f3micas, como la de Hiroshima.<\/strong><strong><\/strong><\/p>\n\n\n\n<p>A consecuencia de la explosi\u00f3n, muchas zonas de Bielorrusia, Rusia y Ucrania resultaron contaminadas.&nbsp;<strong>El hecho tambi\u00e9n gener\u00f3 impacto en gran parte de Europa.<\/strong><\/p>\n\n\n\n<p><em>EFE<\/em><\/p>\n","protected":false},"excerpt":{"rendered":"<p> el \u201cterrorismo nuclear\u201d, seg\u00fan Zelenski<\/p>\n","protected":false},"author":5,"featured_media":2815,"comment_status":"closed","ping_status":"open","sticky":false,"template":"","format":"standard","meta":{"footnotes":""},"categories":[14],"tags":[],"class_list":["post-2812","post","type-post","status-publish","format-standard","has-post-thumbnail","hentry","category-internacionales"],"_links":{"self":[{"href":"https:\/\/saltonoticias.com.uy\/uy\/wp-json\/wp\/v2\/posts\/2812","targetHints":{"allow":["GET"]}}],"collection":[{"href":"https:\/\/saltonoticias.com.uy\/uy\/wp-json\/wp\/v2\/posts"}],"about":[{"href":"https:\/\/saltonoticias.com.uy\/uy\/wp-json\/wp\/v2\/types\/post"}],"author":[{"embeddable":true,"href":"https:\/\/saltonoticias.com.uy\/uy\/wp-json\/wp\/v2\/users\/5"}],"replies":[{"embeddable":true,"href":"https:\/\/saltonoticias.com.uy\/uy\/wp-json\/wp\/v2\/comments?post=2812"}],"version-history":[{"count":1,"href":"https:\/\/saltonoticias.com.uy\/uy\/wp-json\/wp\/v2\/posts\/2812\/revisions"}],"predecessor-version":[{"id":2818,"href":"https:\/\/saltonoticias.com.uy\/uy\/wp-json\/wp\/v2\/posts\/2812\/revisions\/2818"}],"wp:featuredmedia":[{"embeddable":true,"href":"https:\/\/saltonoticias.com.uy\/uy\/wp-json\/wp\/v2\/media\/2815"}],"wp:attachment":[{"href":"https:\/\/saltonoticias.com.uy\/uy\/wp-json\/wp\/v2\/media?parent=2812"}],"wp:term":[{"taxonomy":"category","embeddable":true,"href":"https:\/\/saltonoticias.com.uy\/uy\/wp-json\/wp\/v2\/categories?post=2812"},{"taxonomy":"post_tag","embeddable":true,"href":"https:\/\/saltonoticias.com.uy\/uy\/wp-json\/wp\/v2\/tags?post=2812"}],"curies":[{"name":"wp","href":"https:\/\/api.w.org\/{rel}","templated":true}]}}