{"id":2821,"date":"2026-04-26T15:16:49","date_gmt":"2026-04-26T15:16:49","guid":{"rendered":"https:\/\/saltonoticias.com.uy\/uy\/?p=2821"},"modified":"2026-04-26T15:16:49","modified_gmt":"2026-04-26T15:16:49","slug":"sudamericano-sub-17-femenino-uruguay-goleo-3-0-a-peru-en-el-debut-en-paraguay","status":"publish","type":"post","link":"https:\/\/saltonoticias.com.uy\/uy\/sudamericano-sub-17-femenino-uruguay-goleo-3-0-a-peru-en-el-debut-en-paraguay\/","title":{"rendered":"Sudamericano sub-17 femenino: Uruguay gole\u00f3 3-0 a Per\u00fa en el debut en Paraguay"},"content":{"rendered":"\n<p>Camila Rijo, Oriana Tola y C\u00e1ndida Bentancur anotaron los tantos del combinado dirigido por Pablo Herrera. El lunes van con Brasil.<\/p>\n\n\n\n<figure class=\"wp-block-image size-full\"><a href=\"https:\/\/saltonoticias.com.uy\/uy\/wp-content\/uploads\/2026\/04\/954833.webp\"><img loading=\"lazy\" decoding=\"async\" width=\"933\" height=\"569\" src=\"https:\/\/saltonoticias.com.uy\/uy\/wp-content\/uploads\/2026\/04\/954833.webp\" alt=\"\" class=\"wp-image-2824\" srcset=\"https:\/\/saltonoticias.com.uy\/uy\/wp-content\/uploads\/2026\/04\/954833.webp 933w, https:\/\/saltonoticias.com.uy\/uy\/wp-content\/uploads\/2026\/04\/954833-300x183.webp 300w, https:\/\/saltonoticias.com.uy\/uy\/wp-content\/uploads\/2026\/04\/954833-768x468.webp 768w\" sizes=\"auto, (max-width: 933px) 100vw, 933px\" \/><\/a><\/figure>\n\n\n\n<p><em>Foto: @AUFfemenino<\/em><\/p>\n\n\n\n<p>La selecci\u00f3n uruguaya femenina sub-17 debut\u00f3 con una&nbsp;<strong>contundente victoria 3-0 ante Per\u00fa<\/strong>&nbsp;en el Sudamericano de Paraguay, en el inicio del grupo B.<\/p>\n\n\n\n<p>Los goles celestes llegaron por intermedio de&nbsp;<strong>Camila Rijo (20&#8242;)<\/strong>,&nbsp;<strong>Oriana Tola (24&#8242;)<\/strong>&nbsp;y&nbsp;<strong>C\u00e1ndida Bentancur (89&#8242;)<\/strong>, en un partido que la Celeste encamin\u00f3 r\u00e1pidamente en el primer tiempo y termin\u00f3 de cerrar sobre el final.<\/p>\n\n\n\n<p>El equipo dirigido por&nbsp;<strong>Pablo Herrera<\/strong>&nbsp;form\u00f3 con:&nbsp;<strong>Carballo, Frachia, V\u00e1zquez, Fern\u00e1ndez, Cordero, Toledo, Da Silveira, Cappo (66&#8242; Morena), Rijo (66&#8242; Ibarra), Tola (85&#8242; Bentancur), Acosta (77&#8242; S\u00e1nchez)<\/strong>.<\/p>\n\n\n\n<p>Con este resultado, Uruguay comenz\u00f3 de buena forma su camino en un grupo que comparte con&nbsp;<strong>Brasil, Venezuela, Ecuador y Per\u00fa<\/strong>, en un torneo que otorga&nbsp;<strong>cuatro cupos al Mundial de Marruecos 2026<\/strong>.<\/p>\n\n\n\n<p>El pr\u00f3ximo desaf\u00edo ser\u00e1 ante&nbsp;<strong>Brasil<\/strong>, el lunes 27 a las 20:00 horas en el estadio Ameliano, en un duelo clave para las aspiraciones de clasificaci\u00f3n.<\/p>\n\n\n\n<h4 class=\"wp-block-heading\">Fixture celeste<\/h4>\n\n\n\n<p><strong>Uruguay 3-0 Per\u00fa<\/strong><br><br>Lunes 27<\/p>\n\n\n\n<p><strong>Uruguay-Brasil<\/strong><br>Estadio Ameliano, 20:00 horas<\/p>\n\n\n\n<p>Mi\u00e9rcoles 29<\/p>\n\n\n\n<p><strong>Venezuela-Uruguay<\/strong><br>Estadio Ameliano, 17:00 horas<\/p>\n\n\n\n<p>Viernes 1\u00b0 de mayo<\/p>\n\n\n\n<p><strong>Ecuador-Uruguay<\/strong><br>Estadio Ameliano, 17:00 horas<\/p>\n\n\n\n<p>F\u00fatbolUy. Seguinos en Twitter&nbsp;<a href=\"https:\/\/twitter.com\/futbolportaluy\" target=\"_blank\" rel=\"noreferrer noopener\">@futbolportaluy<\/a><\/p>\n","protected":false},"excerpt":{"rendered":"<p>Camila Rijo, Oriana Tola y C\u00e1ndida Bentancur anotaron los tantos del combinado dirigido por Pablo&#8230;<\/p>\n","protected":false},"author":5,"featured_media":2824,"comment_status":"closed","ping_status":"open","sticky":false,"template":"","format":"standard","meta":{"footnotes":""},"categories":[11],"tags":[],"class_list":["post-2821","post","type-post","status-publish","format-standard","has-post-thumbnail","hentry","category-deportes"],"_links":{"self":[{"href":"https:\/\/saltonoticias.com.uy\/uy\/wp-json\/wp\/v2\/posts\/2821","targetHints":{"allow":["GET"]}}],"collection":[{"href":"https:\/\/saltonoticias.com.uy\/uy\/wp-json\/wp\/v2\/posts"}],"about":[{"href":"https:\/\/saltonoticias.com.uy\/uy\/wp-json\/wp\/v2\/types\/post"}],"author":[{"embeddable":true,"href":"https:\/\/saltonoticias.com.uy\/uy\/wp-json\/wp\/v2\/users\/5"}],"replies":[{"embeddable":true,"href":"https:\/\/saltonoticias.com.uy\/uy\/wp-json\/wp\/v2\/comments?post=2821"}],"version-history":[{"count":1,"href":"https:\/\/saltonoticias.com.uy\/uy\/wp-json\/wp\/v2\/posts\/2821\/revisions"}],"predecessor-version":[{"id":2827,"href":"https:\/\/saltonoticias.com.uy\/uy\/wp-json\/wp\/v2\/posts\/2821\/revisions\/2827"}],"wp:featuredmedia":[{"embeddable":true,"href":"https:\/\/saltonoticias.com.uy\/uy\/wp-json\/wp\/v2\/media\/2824"}],"wp:attachment":[{"href":"https:\/\/saltonoticias.com.uy\/uy\/wp-json\/wp\/v2\/media?parent=2821"}],"wp:term":[{"taxonomy":"category","embeddable":true,"href":"https:\/\/saltonoticias.com.uy\/uy\/wp-json\/wp\/v2\/categories?post=2821"},{"taxonomy":"post_tag","embeddable":true,"href":"https:\/\/saltonoticias.com.uy\/uy\/wp-json\/wp\/v2\/tags?post=2821"}],"curies":[{"name":"wp","href":"https:\/\/api.w.org\/{rel}","templated":true}]}}