{"id":2830,"date":"2026-04-26T15:18:47","date_gmt":"2026-04-26T15:18:47","guid":{"rendered":"https:\/\/saltonoticias.com.uy\/uy\/?p=2830"},"modified":"2026-04-26T15:18:47","modified_gmt":"2026-04-26T15:18:47","slug":"montevideo-esta-completamente-incendiado-la-dura-critica-de-martinelli-a-negro","status":"publish","type":"post","link":"https:\/\/saltonoticias.com.uy\/uy\/montevideo-esta-completamente-incendiado-la-dura-critica-de-martinelli-a-negro\/","title":{"rendered":"\u201cMontevideo est\u00e1 completamente incendiado\u201d: la dura cr\u00edtica de Martinelli a Negro"},"content":{"rendered":"\n<p>El exministro del Interior dispar\u00f3 contra el actual jerarca por cifras de homicidios y por \u201catacar el delito sin planificaci\u00f3n\u201d.<\/p>\n\n\n\n<figure class=\"wp-block-image size-full\"><a href=\"https:\/\/saltonoticias.com.uy\/uy\/wp-content\/uploads\/2026\/04\/954816.webp\"><img loading=\"lazy\" decoding=\"async\" width=\"933\" height=\"525\" src=\"https:\/\/saltonoticias.com.uy\/uy\/wp-content\/uploads\/2026\/04\/954816.webp\" alt=\"\" class=\"wp-image-2833\" srcset=\"https:\/\/saltonoticias.com.uy\/uy\/wp-content\/uploads\/2026\/04\/954816.webp 933w, https:\/\/saltonoticias.com.uy\/uy\/wp-content\/uploads\/2026\/04\/954816-300x169.webp 300w, https:\/\/saltonoticias.com.uy\/uy\/wp-content\/uploads\/2026\/04\/954816-768x432.webp 768w\" sizes=\"auto, (max-width: 933px) 100vw, 933px\" \/><\/a><\/figure>\n\n\n\n<p><em>otos: archivo \/ Presidencia de la Rep\u00fablica.<\/em><\/p>\n\n\n\n<p>El exministro del Interior,&nbsp;<strong>Nicol\u00e1s Martinelli<\/strong>, critic\u00f3 al actual jerarca,&nbsp;<strong>Carlos Negro<\/strong>, por varios hechos de violencia registrados en los \u00faltimos d\u00edas, principalmente por&nbsp;<strong>un recuento de ocho homicidios en tres d\u00edas<\/strong>. As\u00ed, continu\u00f3: \u201cMientras [Negro] utiliza&nbsp;<a href=\"https:\/\/www.montevideo.com.uy\/Noticias\/Martinelli-vs-Negro-por-interpelacion-de-comparativos-curiosos-a--nadie-le-advirtio--uc958597\" target=\"_blank\" rel=\"noreferrer noopener\">comparaciones antojadizas<\/a>&nbsp;y&nbsp;<a href=\"https:\/\/www.montevideo.com.uy\/Noticias\/-Hay-una-buena-percepcion-de-como-ha-cambiado-Cerro-Norte-argumento-Negro-uc960156\" target=\"_blank\" rel=\"noreferrer noopener\">habla de mejorar la percepci\u00f3n y de cortar el pasto<\/a>, volvemos a tener cuatro homicidios m\u00e1s,&nbsp;<a href=\"https:\/\/www.montevideo.com.uy\/Noticias\/Una-discusion-y-dos-rapinas-tres-deliveries-fueron-asesinados-en-los-ultimos-10-dias-uc960125\" target=\"_blank\" rel=\"noreferrer noopener\">dos de ellos trabajadores rapi\u00f1ados<\/a>\u201d.<\/p>\n\n\n\n<p>De tal forma, Martinelli apunt\u00f3 que \u201clo que las cifras no cuentan es lo que realmente pasa en el territorio\u201d.<\/p>\n\n\n\n<p>De acuerdo con el dirigente del Partido Nacional, en los barrios Malv\u00edn Norte, 40 Semanas, Parque Posadas, Cerrito, Lavalleja y Brazo Oriental&nbsp;<strong>los homicidios \u201cse duplicaron\u201d el a\u00f1o pasado<\/strong>. En tanto, en lugares como La Teja, Belvedere, Casavalle, Marconi, Las Acacias, Manga, Piedras Blancas, Ellauri, Borro, Aguada, Reducto, Parque Batlle, La Blanqueada, Villa Dolores, Ciudad Vieja, Centro, Barrio Sur, Palermo y Carrasco Norte dichos cr\u00edmenes&nbsp;<strong>\u201ctambi\u00e9n aumentaron\u201d<\/strong><\/p>\n\n\n\n<p>\u201c<strong>Cuando atac\u00e1s el delito sin planificaci\u00f3n, el delito no desaparece<\/strong>. Simplemente se corre, se expande, cambia de barrio, migra\u201d, apunt\u00f3 Martinelli.<\/p>\n\n\n\n<p>A entender del exjerarca, esa es la raz\u00f3n por la que&nbsp;<strong>Montevideo \u201cest\u00e1 completamente incendiado\u201d<\/strong>.<\/p>\n\n\n\n<p>\u201cLa gente no vive de estad\u00edsticas. Vive en barrios donde la violencia cambia de esquina, pero no se va.&nbsp;<strong>Desde el escritorio es f\u00e1cil acomodar n\u00fameros<\/strong>. En la calle, con violencia, lo que se desordena es la vida. Dejemos el relato. Lo que no podemos dejar es a la gente sola\u201d, concluy\u00f3 Martinelli.<\/p>\n\n\n\n<p>Montevideo Portal.<\/p>\n","protected":false},"excerpt":{"rendered":"<p>El exministro del Interior dispar\u00f3 contra el actual jerarca por cifras de homicidios y por&#8230;<\/p>\n","protected":false},"author":5,"featured_media":2833,"comment_status":"closed","ping_status":"open","sticky":false,"template":"","format":"standard","meta":{"footnotes":""},"categories":[17],"tags":[],"class_list":["post-2830","post","type-post","status-publish","format-standard","has-post-thumbnail","hentry","category-nacionales"],"_links":{"self":[{"href":"https:\/\/saltonoticias.com.uy\/uy\/wp-json\/wp\/v2\/posts\/2830","targetHints":{"allow":["GET"]}}],"collection":[{"href":"https:\/\/saltonoticias.com.uy\/uy\/wp-json\/wp\/v2\/posts"}],"about":[{"href":"https:\/\/saltonoticias.com.uy\/uy\/wp-json\/wp\/v2\/types\/post"}],"author":[{"embeddable":true,"href":"https:\/\/saltonoticias.com.uy\/uy\/wp-json\/wp\/v2\/users\/5"}],"replies":[{"embeddable":true,"href":"https:\/\/saltonoticias.com.uy\/uy\/wp-json\/wp\/v2\/comments?post=2830"}],"version-history":[{"count":1,"href":"https:\/\/saltonoticias.com.uy\/uy\/wp-json\/wp\/v2\/posts\/2830\/revisions"}],"predecessor-version":[{"id":2836,"href":"https:\/\/saltonoticias.com.uy\/uy\/wp-json\/wp\/v2\/posts\/2830\/revisions\/2836"}],"wp:featuredmedia":[{"embeddable":true,"href":"https:\/\/saltonoticias.com.uy\/uy\/wp-json\/wp\/v2\/media\/2833"}],"wp:attachment":[{"href":"https:\/\/saltonoticias.com.uy\/uy\/wp-json\/wp\/v2\/media?parent=2830"}],"wp:term":[{"taxonomy":"category","embeddable":true,"href":"https:\/\/saltonoticias.com.uy\/uy\/wp-json\/wp\/v2\/categories?post=2830"},{"taxonomy":"post_tag","embeddable":true,"href":"https:\/\/saltonoticias.com.uy\/uy\/wp-json\/wp\/v2\/tags?post=2830"}],"curies":[{"name":"wp","href":"https:\/\/api.w.org\/{rel}","templated":true}]}}