{"id":2839,"date":"2026-04-26T15:20:15","date_gmt":"2026-04-26T15:20:15","guid":{"rendered":"https:\/\/saltonoticias.com.uy\/uy\/?p=2839"},"modified":"2026-04-26T15:20:15","modified_gmt":"2026-04-26T15:20:15","slug":"mi-hijo-me-espera-no-me-mates-delivery-trabaja-con-un-cartel-tras-asesinato-de-colegas","status":"publish","type":"post","link":"https:\/\/saltonoticias.com.uy\/uy\/mi-hijo-me-espera-no-me-mates-delivery-trabaja-con-un-cartel-tras-asesinato-de-colegas\/","title":{"rendered":"\u201cMi hijo me espera, no me mates\u201d: delivery trabaja con un cartel tras asesinato de colegas"},"content":{"rendered":"\n<p>La imagen se viraliz\u00f3 en redes sociales. El hombre peg\u00f3 la inscripci\u00f3n en su mochila pidiendo no ser atacado por delincuentes.<\/p>\n\n\n\n<figure class=\"wp-block-image size-full\"><a href=\"https:\/\/saltonoticias.com.uy\/uy\/wp-content\/uploads\/2026\/04\/954790.webp\"><img loading=\"lazy\" decoding=\"async\" width=\"933\" height=\"525\" src=\"https:\/\/saltonoticias.com.uy\/uy\/wp-content\/uploads\/2026\/04\/954790.webp\" alt=\"\" class=\"wp-image-2842\" srcset=\"https:\/\/saltonoticias.com.uy\/uy\/wp-content\/uploads\/2026\/04\/954790.webp 933w, https:\/\/saltonoticias.com.uy\/uy\/wp-content\/uploads\/2026\/04\/954790-300x169.webp 300w, https:\/\/saltonoticias.com.uy\/uy\/wp-content\/uploads\/2026\/04\/954790-768x432.webp 768w\" sizes=\"auto, (max-width: 933px) 100vw, 933px\" \/><\/a><\/figure>\n\n\n\n<p><em>Foto: redes (@isabelRosso2)<\/em><\/p>\n\n\n\n<p>Un repartidor de la aplicaci\u00f3n PedidosYa<strong>&nbsp;peg\u00f3 en su mochila de reparto un cartel.<\/strong>&nbsp;Esto, tras el asesinato de tres repartidores ocurridos en los \u00faltimos 10 d\u00edas.<\/p>\n\n\n\n<p>Una usuaria de la red social X comparti\u00f3 la imagen en la que se ve el cartel. \u201c<strong>Solo estamos trabajando, en casa mi hijo me espera. No me mates<\/strong>\u201d, dice.<\/p>\n\n\n\n<p>El asesinato m\u00e1s reciente ocurri\u00f3&nbsp;<a href=\"https:\/\/www.montevideo.com.uy\/Noticias\/Mataron-a-otro-delivery-en-Montevideo-para-robar-su-moto-le-dieron-un-balazo-en-el-pecho-uc960121\" target=\"_blank\" rel=\"noreferrer noopener\">algunas horas atr\u00e1s<\/a>, en la noche de este viernes 24 de abril, en el barrio montevideano de Carrasco Norte.&nbsp;La v\u00edctima lleg\u00f3 al lugar para entregar un pedido y dos hombres se acercaron a pie para robarle la moto, pero el trabajador&nbsp;<strong>resisti\u00f3 y forceje\u00f3<\/strong>; sin embargo, los delincuentes terminaron d\u00e1ndole un disparo.<\/p>\n\n\n\n<p>El segundo ocurri\u00f3 en la madrugada de este mismo viernes en el Prado. En este caso,&nbsp;<strong>Santiago<\/strong>,&nbsp;<strong>un joven de 22 a\u00f1os,<\/strong>&nbsp;iba en moto con su novia cuando, en la rotonda de&nbsp;<strong>Mill\u00e1n<\/strong>&nbsp;y&nbsp;<strong>Luis Alberto de Herrera<\/strong>, fueron interceptados por otra motocicleta en el que viajaban dos individuos que habr\u00edan intentado robarles el veh\u00edculo. Esto deriv\u00f3 en&nbsp;<strong>una persecuci\u00f3n<\/strong>&nbsp;que termin\u00f3 cuando los malhechores dispararon al joven.<\/p>\n\n\n\n<p>Finalmente, est\u00e1 el caso de Juan Carlos Mendoza, un cubano de 62 a\u00f1os que muri\u00f3 luego de que un chofer lo asesinara a ra\u00edz de una discusi\u00f3n por el tr\u00e1nsito, en el Centro. El agredido, que trabajaba para PedidosYa, comenz\u00f3 a pedir ayuda, pero el agresor se dio a la fuga. Fue detenido&nbsp;<a href=\"https:\/\/www.montevideo.com.uy\/Noticias\/Acompanado-y-en-pleno-Centro-de-Montevideo-asi-detuvieron-al-asesino-del-delivery-uc959016\" target=\"_blank\" rel=\"noreferrer noopener\">pocos minutos despu\u00e9s<\/a>.<\/p>\n\n\n\n<p>Montevideo Portal.<\/p>\n","protected":false},"excerpt":{"rendered":"<p>La imagen se viraliz\u00f3 en redes sociales. El hombre peg\u00f3 la inscripci\u00f3n en su mochila&#8230;<\/p>\n","protected":false},"author":5,"featured_media":2842,"comment_status":"closed","ping_status":"open","sticky":false,"template":"","format":"standard","meta":{"footnotes":""},"categories":[17],"tags":[],"class_list":["post-2839","post","type-post","status-publish","format-standard","has-post-thumbnail","hentry","category-nacionales"],"_links":{"self":[{"href":"https:\/\/saltonoticias.com.uy\/uy\/wp-json\/wp\/v2\/posts\/2839","targetHints":{"allow":["GET"]}}],"collection":[{"href":"https:\/\/saltonoticias.com.uy\/uy\/wp-json\/wp\/v2\/posts"}],"about":[{"href":"https:\/\/saltonoticias.com.uy\/uy\/wp-json\/wp\/v2\/types\/post"}],"author":[{"embeddable":true,"href":"https:\/\/saltonoticias.com.uy\/uy\/wp-json\/wp\/v2\/users\/5"}],"replies":[{"embeddable":true,"href":"https:\/\/saltonoticias.com.uy\/uy\/wp-json\/wp\/v2\/comments?post=2839"}],"version-history":[{"count":1,"href":"https:\/\/saltonoticias.com.uy\/uy\/wp-json\/wp\/v2\/posts\/2839\/revisions"}],"predecessor-version":[{"id":2845,"href":"https:\/\/saltonoticias.com.uy\/uy\/wp-json\/wp\/v2\/posts\/2839\/revisions\/2845"}],"wp:featuredmedia":[{"embeddable":true,"href":"https:\/\/saltonoticias.com.uy\/uy\/wp-json\/wp\/v2\/media\/2842"}],"wp:attachment":[{"href":"https:\/\/saltonoticias.com.uy\/uy\/wp-json\/wp\/v2\/media?parent=2839"}],"wp:term":[{"taxonomy":"category","embeddable":true,"href":"https:\/\/saltonoticias.com.uy\/uy\/wp-json\/wp\/v2\/categories?post=2839"},{"taxonomy":"post_tag","embeddable":true,"href":"https:\/\/saltonoticias.com.uy\/uy\/wp-json\/wp\/v2\/tags?post=2839"}],"curies":[{"name":"wp","href":"https:\/\/api.w.org\/{rel}","templated":true}]}}