{"id":2860,"date":"2026-04-26T17:27:28","date_gmt":"2026-04-26T17:27:28","guid":{"rendered":"https:\/\/saltonoticias.com.uy\/uy\/?p=2860"},"modified":"2026-04-26T17:27:29","modified_gmt":"2026-04-26T17:27:29","slug":"metsul-alerto-por-ciclon-extratropical-que-rozara-uruguay-con-vientos-y-lluvias","status":"publish","type":"post","link":"https:\/\/saltonoticias.com.uy\/uy\/metsul-alerto-por-ciclon-extratropical-que-rozara-uruguay-con-vientos-y-lluvias\/","title":{"rendered":"METSUL ALERT\u00d3 POR CICL\u00d3N EXTRATROPICAL QUE ROZAR\u00c1 URUGUAY CON VIENTOS Y LLUVIAS"},"content":{"rendered":"\n<p>El observatorio brasile\u00f1o advirti\u00f3 por un sistema que afectar\u00e1 la regi\u00f3n en los pr\u00f3ximos d\u00edas. <\/p>\n\n\n\n<p>Se\u00f1ala que no impactar\u00e1 de lleno, pero s\u00ed generar\u00e1 inestabilidad. Fen\u00f3meno en la regi\u00f3n Metsul indic\u00f3 que se formar\u00e1 un cicl\u00f3n extratropical en el Atl\u00e1ntico Sur. <\/p>\n\n\n\n<p>El fen\u00f3meno pasar\u00e1 cerca de Uruguay y afectar\u00e1 especialmente zonas costeras. Impacto en Uruguay Aunque no ingresar\u00eda directamente, el fen\u00f3meno provocar\u00e1 condiciones inestables. <\/p>\n\n\n\n<p>Se prev\u00e9n lluvias, tormentas aisladas y aumento del viento. Vientos y lluvias El viento podr\u00eda intensificarse por momentos, con r\u00e1fagas moderadas. <\/p>\n\n\n\n<p>Tambi\u00e9n hay riesgo de precipitaciones irregulares durante el avance del sistema. (+) en Montevideo Portal: <a href=\"https:\/\/t.co\/vYD2lmSkRl\" target=\"_blank\" rel=\"noreferrer noopener\">http:\/\/m.uy\/uc960217<\/a><\/p>\n\n\n\n<p>Montevideo Portal.<\/p>\n","protected":false},"excerpt":{"rendered":"<p>El observatorio brasile\u00f1o advirti\u00f3 por un sistema que afectar\u00e1 la regi\u00f3n en los pr\u00f3ximos d\u00edas&#8230;.<\/p>\n","protected":false},"author":5,"featured_media":2863,"comment_status":"closed","ping_status":"open","sticky":false,"template":"","format":"standard","meta":{"footnotes":""},"categories":[17],"tags":[],"class_list":["post-2860","post","type-post","status-publish","format-standard","has-post-thumbnail","hentry","category-nacionales"],"_links":{"self":[{"href":"https:\/\/saltonoticias.com.uy\/uy\/wp-json\/wp\/v2\/posts\/2860","targetHints":{"allow":["GET"]}}],"collection":[{"href":"https:\/\/saltonoticias.com.uy\/uy\/wp-json\/wp\/v2\/posts"}],"about":[{"href":"https:\/\/saltonoticias.com.uy\/uy\/wp-json\/wp\/v2\/types\/post"}],"author":[{"embeddable":true,"href":"https:\/\/saltonoticias.com.uy\/uy\/wp-json\/wp\/v2\/users\/5"}],"replies":[{"embeddable":true,"href":"https:\/\/saltonoticias.com.uy\/uy\/wp-json\/wp\/v2\/comments?post=2860"}],"version-history":[{"count":1,"href":"https:\/\/saltonoticias.com.uy\/uy\/wp-json\/wp\/v2\/posts\/2860\/revisions"}],"predecessor-version":[{"id":2866,"href":"https:\/\/saltonoticias.com.uy\/uy\/wp-json\/wp\/v2\/posts\/2860\/revisions\/2866"}],"wp:featuredmedia":[{"embeddable":true,"href":"https:\/\/saltonoticias.com.uy\/uy\/wp-json\/wp\/v2\/media\/2863"}],"wp:attachment":[{"href":"https:\/\/saltonoticias.com.uy\/uy\/wp-json\/wp\/v2\/media?parent=2860"}],"wp:term":[{"taxonomy":"category","embeddable":true,"href":"https:\/\/saltonoticias.com.uy\/uy\/wp-json\/wp\/v2\/categories?post=2860"},{"taxonomy":"post_tag","embeddable":true,"href":"https:\/\/saltonoticias.com.uy\/uy\/wp-json\/wp\/v2\/tags?post=2860"}],"curies":[{"name":"wp","href":"https:\/\/api.w.org\/{rel}","templated":true}]}}