{"id":2869,"date":"2026-04-26T19:21:58","date_gmt":"2026-04-26T19:21:58","guid":{"rendered":"https:\/\/saltonoticias.com.uy\/uy\/?p=2869"},"modified":"2026-04-26T19:21:59","modified_gmt":"2026-04-26T19:21:59","slug":"albisu-lidera-la-aprobacion-ciudadana-entre-intendentes-del-litoral","status":"publish","type":"post","link":"https:\/\/saltonoticias.com.uy\/uy\/albisu-lidera-la-aprobacion-ciudadana-entre-intendentes-del-litoral\/","title":{"rendered":"Albisu lidera la aprobaci\u00f3n ciudadana entre intendentes del litoral"},"content":{"rendered":"\n<p>El intendente de Salto, Carlos Albisu, se posiciona como el jefe departamental con mayor nivel de aprobaci\u00f3n en la regi\u00f3n litoral del Uruguay, de acuerdo a los \u00faltimos relevamientos de opini\u00f3n p\u00fablica.<\/p>\n\n\n\n<p>Los datos disponibles indican que Albisu supera en valoraci\u00f3n a otros intendentes de la zona, entre ellos su par de Paysand\u00fa, Nicol\u00e1s Olivera, lo que evidencia un respaldo ciudadano sostenido hacia su gesti\u00f3n.<\/p>\n\n\n\n<p>Este nivel de aprobaci\u00f3n se asocia a una administraci\u00f3n que ha priorizado la cercan\u00eda con la poblaci\u00f3n, la presencia activa en el territorio y la concreci\u00f3n de acciones visibles para la comunidad.<\/p>\n\n\n\n<p>Asimismo, los resultados reflejan la confianza de los salte\u00f1os en el rumbo adoptado por el gobierno departamental, consolidando a Albisu como una de las principales referencias pol\u00edticas del litoral.<\/p>\n\n\n\n<p>Fuente: \u00c1gora Consultores<\/p>\n","protected":false},"excerpt":{"rendered":"<p>El intendente de Salto, Carlos Albisu, se posiciona como el jefe departamental con mayor nivel&#8230;<\/p>\n","protected":false},"author":5,"featured_media":2872,"comment_status":"closed","ping_status":"open","sticky":false,"template":"","format":"standard","meta":{"footnotes":""},"categories":[8],"tags":[],"class_list":["post-2869","post","type-post","status-publish","format-standard","has-post-thumbnail","hentry","category-locales"],"_links":{"self":[{"href":"https:\/\/saltonoticias.com.uy\/uy\/wp-json\/wp\/v2\/posts\/2869","targetHints":{"allow":["GET"]}}],"collection":[{"href":"https:\/\/saltonoticias.com.uy\/uy\/wp-json\/wp\/v2\/posts"}],"about":[{"href":"https:\/\/saltonoticias.com.uy\/uy\/wp-json\/wp\/v2\/types\/post"}],"author":[{"embeddable":true,"href":"https:\/\/saltonoticias.com.uy\/uy\/wp-json\/wp\/v2\/users\/5"}],"replies":[{"embeddable":true,"href":"https:\/\/saltonoticias.com.uy\/uy\/wp-json\/wp\/v2\/comments?post=2869"}],"version-history":[{"count":1,"href":"https:\/\/saltonoticias.com.uy\/uy\/wp-json\/wp\/v2\/posts\/2869\/revisions"}],"predecessor-version":[{"id":2875,"href":"https:\/\/saltonoticias.com.uy\/uy\/wp-json\/wp\/v2\/posts\/2869\/revisions\/2875"}],"wp:featuredmedia":[{"embeddable":true,"href":"https:\/\/saltonoticias.com.uy\/uy\/wp-json\/wp\/v2\/media\/2872"}],"wp:attachment":[{"href":"https:\/\/saltonoticias.com.uy\/uy\/wp-json\/wp\/v2\/media?parent=2869"}],"wp:term":[{"taxonomy":"category","embeddable":true,"href":"https:\/\/saltonoticias.com.uy\/uy\/wp-json\/wp\/v2\/categories?post=2869"},{"taxonomy":"post_tag","embeddable":true,"href":"https:\/\/saltonoticias.com.uy\/uy\/wp-json\/wp\/v2\/tags?post=2869"}],"curies":[{"name":"wp","href":"https:\/\/api.w.org\/{rel}","templated":true}]}}