{"id":2887,"date":"2026-04-27T00:36:46","date_gmt":"2026-04-27T00:36:46","guid":{"rendered":"https:\/\/saltonoticias.com.uy\/uy\/?p=2887"},"modified":"2026-04-27T00:36:47","modified_gmt":"2026-04-27T00:36:47","slug":"habilitada-la-venta-de-entradas-para-el-show-de-raca-negra-en-salto","status":"publish","type":"post","link":"https:\/\/saltonoticias.com.uy\/uy\/habilitada-la-venta-de-entradas-para-el-show-de-raca-negra-en-salto\/","title":{"rendered":"Habilitada la venta de entradas para el show de Ra\u00e7a Negra en Salto"},"content":{"rendered":"\n<p>La ciudad de Salto se prepara para vivir uno de los espect\u00e1culos musicales m\u00e1s destacados del a\u00f1o con la llegada de Ra\u00e7a Negra, la reconocida banda brasile\u00f1a que se presentar\u00e1 el pr\u00f3ximo 22 de noviembre en el Parque Harriague.<\/p>\n\n\n\n<p>Desde la organizaci\u00f3n se inform\u00f3 que ya se encuentra habilitada la venta de entradas a trav\u00e9s de la plataforma MiEntrada, donde el p\u00fablico puede adquirir sus tickets de forma online y en cuotas, utilizando diversos medios de pago.<\/p>\n\n\n\n<p>Las entradas est\u00e1n disponibles en el siguiente enlace:<\/p>\n\n\n\n<figure class=\"wp-block-embed\"><div class=\"wp-block-embed__wrapper\">\nhttps:\/\/mientrada.com.uy\/evento\/raza-negra-en-la-fiesta&#8211;29047\n<\/div><\/figure>\n\n\n\n<p>El evento contar\u00e1 con una propuesta de alto nivel, que incluir\u00e1 un escenario renovado, pantallas, sonido de primer nivel y distintos sectores para el p\u00fablico, como entradas VIP, plateas y generales.<\/p>\n\n\n\n<p>Con el apoyo del Gobierno de Salto, este espect\u00e1culo no solo promete una noche inolvidable desde lo art\u00edstico, sino tambi\u00e9n un importante movimiento tur\u00edstico y econ\u00f3mico para el departamento.<\/p>\n\n\n\n<p>Se espera la llegada de p\u00fablico desde distintos puntos del pa\u00eds, consolidando a Salto como sede de grandes eventos y propuestas culturales de alcance nacional.<\/p>\n","protected":false},"excerpt":{"rendered":"<p>La ciudad de Salto se prepara para vivir uno de los espect\u00e1culos musicales m\u00e1s destacados&#8230;<\/p>\n","protected":false},"author":5,"featured_media":2584,"comment_status":"closed","ping_status":"open","sticky":false,"template":"","format":"standard","meta":{"footnotes":""},"categories":[8],"tags":[],"class_list":["post-2887","post","type-post","status-publish","format-standard","has-post-thumbnail","hentry","category-locales"],"_links":{"self":[{"href":"https:\/\/saltonoticias.com.uy\/uy\/wp-json\/wp\/v2\/posts\/2887","targetHints":{"allow":["GET"]}}],"collection":[{"href":"https:\/\/saltonoticias.com.uy\/uy\/wp-json\/wp\/v2\/posts"}],"about":[{"href":"https:\/\/saltonoticias.com.uy\/uy\/wp-json\/wp\/v2\/types\/post"}],"author":[{"embeddable":true,"href":"https:\/\/saltonoticias.com.uy\/uy\/wp-json\/wp\/v2\/users\/5"}],"replies":[{"embeddable":true,"href":"https:\/\/saltonoticias.com.uy\/uy\/wp-json\/wp\/v2\/comments?post=2887"}],"version-history":[{"count":1,"href":"https:\/\/saltonoticias.com.uy\/uy\/wp-json\/wp\/v2\/posts\/2887\/revisions"}],"predecessor-version":[{"id":2890,"href":"https:\/\/saltonoticias.com.uy\/uy\/wp-json\/wp\/v2\/posts\/2887\/revisions\/2890"}],"wp:featuredmedia":[{"embeddable":true,"href":"https:\/\/saltonoticias.com.uy\/uy\/wp-json\/wp\/v2\/media\/2584"}],"wp:attachment":[{"href":"https:\/\/saltonoticias.com.uy\/uy\/wp-json\/wp\/v2\/media?parent=2887"}],"wp:term":[{"taxonomy":"category","embeddable":true,"href":"https:\/\/saltonoticias.com.uy\/uy\/wp-json\/wp\/v2\/categories?post=2887"},{"taxonomy":"post_tag","embeddable":true,"href":"https:\/\/saltonoticias.com.uy\/uy\/wp-json\/wp\/v2\/tags?post=2887"}],"curies":[{"name":"wp","href":"https:\/\/api.w.org\/{rel}","templated":true}]}}