{"id":2893,"date":"2026-04-27T00:37:34","date_gmt":"2026-04-27T00:37:34","guid":{"rendered":"https:\/\/saltonoticias.com.uy\/uy\/?p=2893"},"modified":"2026-04-27T00:37:34","modified_gmt":"2026-04-27T00:37:34","slug":"jornada-de-sensibilizacion-promovio-el-buen-trato-y-la-convivencia-en-centros-educativos","status":"publish","type":"post","link":"https:\/\/saltonoticias.com.uy\/uy\/jornada-de-sensibilizacion-promovio-el-buen-trato-y-la-convivencia-en-centros-educativos\/","title":{"rendered":"Jornada de sensibilizaci\u00f3n promovi\u00f3 el buen trato y la convivencia en centros educativos"},"content":{"rendered":"\n<p>Se desarroll\u00f3 una destacada jornada de sensibilizaci\u00f3n y prevenci\u00f3n contra el bullying, el maltrato y el acoso infantil, organizada por Centro Bullying con el apoyo del Gobierno de Salto, el Ministerio de Salud P\u00fablica, Polic\u00eda Comunitaria y diversas instituciones comprometidas con la protecci\u00f3n de ni\u00f1as, ni\u00f1os y adolescentes.<\/p>\n\n\n\n<p>La actividad reuni\u00f3 a estudiantes de distintos centros educativos, quienes participaron en propuestas l\u00fadicas y recreativas especialmente dise\u00f1adas para reflexionar sobre estas problem\u00e1ticas. A trav\u00e9s de din\u00e1micas participativas, se promovieron valores fundamentales como el respeto, la empat\u00eda, la convivencia y el buen trato.<\/p>\n\n\n\n<p>Mediante el juego y la interacci\u00f3n, se generaron espacios de aprendizaje e intercambio que resultan clave para avanzar en la construcci\u00f3n de entornos educativos m\u00e1s seguros, inclusivos y libres de violencia.<\/p>\n\n\n\n<p>En este marco, la Coordinaci\u00f3n de G\u00e9nero del Gobierno de Salto acompa\u00f1\u00f3 la iniciativa con la muestra \u201cNo Creas\u201d de UNICEF, aportando herramientas de sensibilizaci\u00f3n y reflexi\u00f3n dirigidas a la prevenci\u00f3n de situaciones de violencia en la infancia y adolescencia.<\/p>\n","protected":false},"excerpt":{"rendered":"<p>Se desarroll\u00f3 una destacada jornada de sensibilizaci\u00f3n y prevenci\u00f3n contra el bullying, el maltrato y&#8230;<\/p>\n","protected":false},"author":5,"featured_media":2896,"comment_status":"closed","ping_status":"open","sticky":false,"template":"","format":"standard","meta":{"footnotes":""},"categories":[8],"tags":[],"class_list":["post-2893","post","type-post","status-publish","format-standard","has-post-thumbnail","hentry","category-locales"],"_links":{"self":[{"href":"https:\/\/saltonoticias.com.uy\/uy\/wp-json\/wp\/v2\/posts\/2893","targetHints":{"allow":["GET"]}}],"collection":[{"href":"https:\/\/saltonoticias.com.uy\/uy\/wp-json\/wp\/v2\/posts"}],"about":[{"href":"https:\/\/saltonoticias.com.uy\/uy\/wp-json\/wp\/v2\/types\/post"}],"author":[{"embeddable":true,"href":"https:\/\/saltonoticias.com.uy\/uy\/wp-json\/wp\/v2\/users\/5"}],"replies":[{"embeddable":true,"href":"https:\/\/saltonoticias.com.uy\/uy\/wp-json\/wp\/v2\/comments?post=2893"}],"version-history":[{"count":1,"href":"https:\/\/saltonoticias.com.uy\/uy\/wp-json\/wp\/v2\/posts\/2893\/revisions"}],"predecessor-version":[{"id":2899,"href":"https:\/\/saltonoticias.com.uy\/uy\/wp-json\/wp\/v2\/posts\/2893\/revisions\/2899"}],"wp:featuredmedia":[{"embeddable":true,"href":"https:\/\/saltonoticias.com.uy\/uy\/wp-json\/wp\/v2\/media\/2896"}],"wp:attachment":[{"href":"https:\/\/saltonoticias.com.uy\/uy\/wp-json\/wp\/v2\/media?parent=2893"}],"wp:term":[{"taxonomy":"category","embeddable":true,"href":"https:\/\/saltonoticias.com.uy\/uy\/wp-json\/wp\/v2\/categories?post=2893"},{"taxonomy":"post_tag","embeddable":true,"href":"https:\/\/saltonoticias.com.uy\/uy\/wp-json\/wp\/v2\/tags?post=2893"}],"curies":[{"name":"wp","href":"https:\/\/api.w.org\/{rel}","templated":true}]}}