{"id":2938,"date":"2026-04-27T19:18:32","date_gmt":"2026-04-27T19:18:32","guid":{"rendered":"https:\/\/saltonoticias.com.uy\/uy\/?p=2938"},"modified":"2026-04-27T19:18:32","modified_gmt":"2026-04-27T19:18:32","slug":"exitoso-inicio-del-campeonato-departamental-de-pruebas-de-riendas-con-apoyo-del-gobierno-de-salto","status":"publish","type":"post","link":"https:\/\/saltonoticias.com.uy\/uy\/exitoso-inicio-del-campeonato-departamental-de-pruebas-de-riendas-con-apoyo-del-gobierno-de-salto\/","title":{"rendered":"\u00a0Exitoso inicio del Campeonato Departamental de Pruebas de Riendas con apoyo del Gobierno de Salto"},"content":{"rendered":"\n<p>El pasado domingo, en el predio La Distracci\u00f3n, ubicado sobre avenida Garibaldi, se desarroll\u00f3 con gran convocatoria la primera fecha del Campeonato Departamental de Pruebas de Riendas, una propuesta deportiva y recreativa que recorrer\u00e1 distintos puntos del departamento, promoviendo la participaci\u00f3n ciudadana, el fortalecimiento de las tradiciones y la descentralizaci\u00f3n de actividades.<\/p>\n\n\n\n<figure class=\"wp-block-image size-large\"><a href=\"https:\/\/saltonoticias.com.uy\/uy\/wp-content\/uploads\/2026\/04\/R10-scaled.jpeg\"><img loading=\"lazy\" decoding=\"async\" width=\"1024\" height=\"683\" src=\"https:\/\/saltonoticias.com.uy\/uy\/wp-content\/uploads\/2026\/04\/R10-1024x683.jpeg\" alt=\"\" class=\"wp-image-2941\" srcset=\"https:\/\/saltonoticias.com.uy\/uy\/wp-content\/uploads\/2026\/04\/R10-1024x683.jpeg 1024w, https:\/\/saltonoticias.com.uy\/uy\/wp-content\/uploads\/2026\/04\/R10-300x200.jpeg 300w, https:\/\/saltonoticias.com.uy\/uy\/wp-content\/uploads\/2026\/04\/R10-768x512.jpeg 768w, https:\/\/saltonoticias.com.uy\/uy\/wp-content\/uploads\/2026\/04\/R10-1536x1024.jpeg 1536w, https:\/\/saltonoticias.com.uy\/uy\/wp-content\/uploads\/2026\/04\/R10-2048x1365.jpeg 2048w\" sizes=\"auto, (max-width: 1024px) 100vw, 1024px\" \/><\/a><\/figure>\n\n\n\n<p>La coordinadora de Juventud, Luc\u00eda Molinari, destac\u00f3 el \u00e9xito de esta jornada inaugural, enmarcada en una iniciativa coorganizada por las \u00e1reas de Juventud, Deportes y Descentralizaci\u00f3n del Gobierno de Salto, junto a referentes del sector. En ese sentido, subray\u00f3 la importancia de generar espacios de integraci\u00f3n para j\u00f3venes y de promover el v\u00ednculo con las tradiciones locales.<\/p>\n\n\n\n<figure class=\"wp-block-image size-large\"><a href=\"https:\/\/saltonoticias.com.uy\/uy\/wp-content\/uploads\/2026\/04\/R11-scaled.jpeg\"><img loading=\"lazy\" decoding=\"async\" width=\"1024\" height=\"683\" src=\"https:\/\/saltonoticias.com.uy\/uy\/wp-content\/uploads\/2026\/04\/R11-1024x683.jpeg\" alt=\"\" class=\"wp-image-2944\" srcset=\"https:\/\/saltonoticias.com.uy\/uy\/wp-content\/uploads\/2026\/04\/R11-1024x683.jpeg 1024w, https:\/\/saltonoticias.com.uy\/uy\/wp-content\/uploads\/2026\/04\/R11-300x200.jpeg 300w, https:\/\/saltonoticias.com.uy\/uy\/wp-content\/uploads\/2026\/04\/R11-768x512.jpeg 768w, https:\/\/saltonoticias.com.uy\/uy\/wp-content\/uploads\/2026\/04\/R11-1536x1024.jpeg 1536w, https:\/\/saltonoticias.com.uy\/uy\/wp-content\/uploads\/2026\/04\/R11-2048x1365.jpeg 2048w\" sizes=\"auto, (max-width: 1024px) 100vw, 1024px\" \/><\/a><\/figure>\n\n\n\n<p>Se trata del primer campeonato departamental de car\u00e1cter formal en esta disciplina, con el objetivo de nuclear a organizadores y fomentar el desarrollo de competencias en diferentes localidades del interior.<\/p>\n\n\n\n<figure class=\"wp-block-image size-large\"><a href=\"https:\/\/saltonoticias.com.uy\/uy\/wp-content\/uploads\/2026\/04\/R12-scaled.jpeg\"><img loading=\"lazy\" decoding=\"async\" width=\"1024\" height=\"683\" src=\"https:\/\/saltonoticias.com.uy\/uy\/wp-content\/uploads\/2026\/04\/R12-1024x683.jpeg\" alt=\"\" class=\"wp-image-2947\" srcset=\"https:\/\/saltonoticias.com.uy\/uy\/wp-content\/uploads\/2026\/04\/R12-1024x683.jpeg 1024w, https:\/\/saltonoticias.com.uy\/uy\/wp-content\/uploads\/2026\/04\/R12-300x200.jpeg 300w, https:\/\/saltonoticias.com.uy\/uy\/wp-content\/uploads\/2026\/04\/R12-768x512.jpeg 768w, https:\/\/saltonoticias.com.uy\/uy\/wp-content\/uploads\/2026\/04\/R12-1536x1024.jpeg 1536w, https:\/\/saltonoticias.com.uy\/uy\/wp-content\/uploads\/2026\/04\/R12-2048x1365.jpeg 2048w\" sizes=\"auto, (max-width: 1024px) 100vw, 1024px\" \/><\/a><\/figure>\n\n\n\n<p>Los organizadores se\u00f1alaron que esta primera edici\u00f3n funcionar\u00e1 como una experiencia piloto, con la intenci\u00f3n de ampliar el calendario en futuras ediciones, en respuesta al crecimiento sostenido que han tenido las pruebas de riendas en los \u00faltimos a\u00f1os.<\/p>\n\n\n\n<p>El campeonato contempla diversas categor\u00edas: menores (11 a 14 a\u00f1os), juveniles (15 a 18 a\u00f1os), mayores (19 a 35 a\u00f1os), seniors (m\u00e1s de 35 a\u00f1os) y damas (categor\u00eda libre), con premiaci\u00f3n en cada una de ellas. Asimismo, se proyecta que los campeones puedan representar al departamento en otras competencias.<\/p>\n\n\n\n<p>Calendario de pr\u00f3ximas fechas:<\/p>\n\n\n\n<p>2\u00aa fecha: 24 de mayo \u2013 Don Beto, Colonia Lavalleja<\/p>\n\n\n\n<p>3\u00aa fecha: 7 de junio \u2013 Grupo de Apoyo a la Tradici\u00f3n, Parque Ind\u00edgena<\/p>\n\n\n\n<p>4\u00aa fecha: 27 de setiembre \u2013 Colonia Gestido, Ruedo El Oriental<\/p>\n\n\n\n<p>5\u00aa fecha: 25 de octubre \u2013 Ruedo El Mataco, Colonia 18 de Julio<\/p>\n\n\n\n<p>6\u00aa fecha (final): 22 de noviembre \u2013 Arapey<\/p>\n","protected":false},"excerpt":{"rendered":"<p>El pasado domingo, en el predio La Distracci\u00f3n, ubicado sobre avenida Garibaldi, se desarroll\u00f3 con&#8230;<\/p>\n","protected":false},"author":5,"featured_media":2947,"comment_status":"closed","ping_status":"open","sticky":false,"template":"","format":"standard","meta":{"footnotes":""},"categories":[8],"tags":[],"class_list":["post-2938","post","type-post","status-publish","format-standard","has-post-thumbnail","hentry","category-locales"],"_links":{"self":[{"href":"https:\/\/saltonoticias.com.uy\/uy\/wp-json\/wp\/v2\/posts\/2938","targetHints":{"allow":["GET"]}}],"collection":[{"href":"https:\/\/saltonoticias.com.uy\/uy\/wp-json\/wp\/v2\/posts"}],"about":[{"href":"https:\/\/saltonoticias.com.uy\/uy\/wp-json\/wp\/v2\/types\/post"}],"author":[{"embeddable":true,"href":"https:\/\/saltonoticias.com.uy\/uy\/wp-json\/wp\/v2\/users\/5"}],"replies":[{"embeddable":true,"href":"https:\/\/saltonoticias.com.uy\/uy\/wp-json\/wp\/v2\/comments?post=2938"}],"version-history":[{"count":1,"href":"https:\/\/saltonoticias.com.uy\/uy\/wp-json\/wp\/v2\/posts\/2938\/revisions"}],"predecessor-version":[{"id":2950,"href":"https:\/\/saltonoticias.com.uy\/uy\/wp-json\/wp\/v2\/posts\/2938\/revisions\/2950"}],"wp:featuredmedia":[{"embeddable":true,"href":"https:\/\/saltonoticias.com.uy\/uy\/wp-json\/wp\/v2\/media\/2947"}],"wp:attachment":[{"href":"https:\/\/saltonoticias.com.uy\/uy\/wp-json\/wp\/v2\/media?parent=2938"}],"wp:term":[{"taxonomy":"category","embeddable":true,"href":"https:\/\/saltonoticias.com.uy\/uy\/wp-json\/wp\/v2\/categories?post=2938"},{"taxonomy":"post_tag","embeddable":true,"href":"https:\/\/saltonoticias.com.uy\/uy\/wp-json\/wp\/v2\/tags?post=2938"}],"curies":[{"name":"wp","href":"https:\/\/api.w.org\/{rel}","templated":true}]}}