{"id":2953,"date":"2026-04-27T19:19:17","date_gmt":"2026-04-27T19:19:17","guid":{"rendered":"https:\/\/saltonoticias.com.uy\/uy\/?p=2953"},"modified":"2026-04-27T19:19:17","modified_gmt":"2026-04-27T19:19:17","slug":"avanza-la-recuperacion-del-camino-del-buey-negro-con-trabajos-en-la-camineria-rural","status":"publish","type":"post","link":"https:\/\/saltonoticias.com.uy\/uy\/avanza-la-recuperacion-del-camino-del-buey-negro-con-trabajos-en-la-camineria-rural\/","title":{"rendered":"Avanza la recuperaci\u00f3n del camino del Buey Negro con trabajos en la caminer\u00eda rural"},"content":{"rendered":"\n<p>El Gobierno de Salto contin\u00faa ejecutando trabajos en la caminer\u00eda rural del departamento. El encargado de Gesti\u00f3n Urbana, Mayor (R) Sergio Acu\u00f1a, inform\u00f3 que se vienen desarrollando intervenciones en distintos puntos del territorio, atendiendo el deterioro generalizado que presentan los caminos rurales.<\/p>\n\n\n\n<p>En ese sentido, destac\u00f3 que se encuentra en etapa de finalizaci\u00f3n la recuperaci\u00f3n del camino del Buey Negro, una v\u00eda de relevancia no solo para los productores de la zona, sino tambi\u00e9n para el turismo, ya que permite un acceso m\u00e1s directo hacia las Termas del Arapey. \u201cEste camino es utilizado tanto por el sector productivo como por visitantes, por lo que su mejora tambi\u00e9n impacta positivamente en el turismo del departamento\u201d, se\u00f1al\u00f3.<\/p>\n\n\n\n<p>Acu\u00f1a adelant\u00f3 que en los pr\u00f3ximos d\u00edas quedar\u00e1 culminada esta etapa de obras y que los trabajos continuar\u00e1n en otros tramos de la red vial rural. Asimismo, subray\u00f3 que se est\u00e1 brindando apoyo a los municipios del interior, especialmente a aquellos con mayor extensi\u00f3n de caminer\u00eda, como Mataojo, con el objetivo de atender los tramos de mayor circulaci\u00f3n.<\/p>\n\n\n\n<p>\u201cEl objetivo es claro: garantizar que la producci\u00f3n, la educaci\u00f3n y la seguridad puedan desarrollarse sin inconvenientes, asegurando la transitabilidad en los caminos del interior del departamento\u201d, concluy\u00f3.<\/p>\n","protected":false},"excerpt":{"rendered":"<p>El Gobierno de Salto contin\u00faa ejecutando trabajos en la caminer\u00eda rural del departamento. El encargado&#8230;<\/p>\n","protected":false},"author":5,"featured_media":2956,"comment_status":"closed","ping_status":"open","sticky":false,"template":"","format":"standard","meta":{"footnotes":""},"categories":[8],"tags":[],"class_list":["post-2953","post","type-post","status-publish","format-standard","has-post-thumbnail","hentry","category-locales"],"_links":{"self":[{"href":"https:\/\/saltonoticias.com.uy\/uy\/wp-json\/wp\/v2\/posts\/2953","targetHints":{"allow":["GET"]}}],"collection":[{"href":"https:\/\/saltonoticias.com.uy\/uy\/wp-json\/wp\/v2\/posts"}],"about":[{"href":"https:\/\/saltonoticias.com.uy\/uy\/wp-json\/wp\/v2\/types\/post"}],"author":[{"embeddable":true,"href":"https:\/\/saltonoticias.com.uy\/uy\/wp-json\/wp\/v2\/users\/5"}],"replies":[{"embeddable":true,"href":"https:\/\/saltonoticias.com.uy\/uy\/wp-json\/wp\/v2\/comments?post=2953"}],"version-history":[{"count":1,"href":"https:\/\/saltonoticias.com.uy\/uy\/wp-json\/wp\/v2\/posts\/2953\/revisions"}],"predecessor-version":[{"id":2959,"href":"https:\/\/saltonoticias.com.uy\/uy\/wp-json\/wp\/v2\/posts\/2953\/revisions\/2959"}],"wp:featuredmedia":[{"embeddable":true,"href":"https:\/\/saltonoticias.com.uy\/uy\/wp-json\/wp\/v2\/media\/2956"}],"wp:attachment":[{"href":"https:\/\/saltonoticias.com.uy\/uy\/wp-json\/wp\/v2\/media?parent=2953"}],"wp:term":[{"taxonomy":"category","embeddable":true,"href":"https:\/\/saltonoticias.com.uy\/uy\/wp-json\/wp\/v2\/categories?post=2953"},{"taxonomy":"post_tag","embeddable":true,"href":"https:\/\/saltonoticias.com.uy\/uy\/wp-json\/wp\/v2\/tags?post=2953"}],"curies":[{"name":"wp","href":"https:\/\/api.w.org\/{rel}","templated":true}]}}