{"id":2971,"date":"2026-04-27T19:29:30","date_gmt":"2026-04-27T19:29:30","guid":{"rendered":"https:\/\/saltonoticias.com.uy\/uy\/?p=2971"},"modified":"2026-04-27T19:29:31","modified_gmt":"2026-04-27T19:29:31","slug":"gobierno-gasto-us-9-millones-en-vehiculos-militares-que-no-se-pueden-usar","status":"publish","type":"post","link":"https:\/\/saltonoticias.com.uy\/uy\/gobierno-gasto-us-9-millones-en-vehiculos-militares-que-no-se-pueden-usar\/","title":{"rendered":"Gobierno gast\u00f3 US$ 9 millones en veh\u00edculos militares que no se pueden usar"},"content":{"rendered":"\n<p>El Ej\u00e9rcito Nacional compr\u00f3 89 veh\u00edculos t\u00e1cticos Agrale Marru\u00e1 durante el gobierno de Luis Lacalle Pou, pero a\u00fan no puede utilizarlos por un obst\u00e1culo legal vinculado a normas ambientales.<\/p>\n\n\n\n<figure class=\"wp-block-image size-full\"><a href=\"https:\/\/saltonoticias.com.uy\/uy\/wp-content\/uploads\/2026\/04\/jeep.jpg\"><img loading=\"lazy\" decoding=\"async\" width=\"887\" height=\"600\" src=\"https:\/\/saltonoticias.com.uy\/uy\/wp-content\/uploads\/2026\/04\/jeep.jpg\" alt=\"\" class=\"wp-image-2974\" srcset=\"https:\/\/saltonoticias.com.uy\/uy\/wp-content\/uploads\/2026\/04\/jeep.jpg 887w, https:\/\/saltonoticias.com.uy\/uy\/wp-content\/uploads\/2026\/04\/jeep-300x203.jpg 300w, https:\/\/saltonoticias.com.uy\/uy\/wp-content\/uploads\/2026\/04\/jeep-768x520.jpg 768w\" sizes=\"auto, (max-width: 887px) 100vw, 887px\" \/><\/a><\/figure>\n\n\n\n<p>Las unidades sin poderse utilizar (Foto Red21)<\/p>\n\n\n\n<p>La adquisici\u00f3n \u201484 todoterreno y 5 ambulancias t\u00e1cticas\u2014 se concret\u00f3 mediante licitaci\u00f3n p\u00fablica&nbsp; y super\u00f3 los US$ 9 millones a valores de 2024. Sin embargo, los veh\u00edculos permanecen sin circular porque no cumplen con un decreto de 2021 sobre control de emisiones, que no contempla excepciones espec\u00edficas para uso militar.<\/p>\n\n\n\n<p>El actual gobierno de Yamand\u00fa Orsi trabaja en una modificaci\u00f3n normativa para habilitar su uso, mediante una excepci\u00f3n ambiental. Desde el oficialismo, el dirigente Le\u00f3n Lev indic\u00f3 que ya se avanz\u00f3 en la homologaci\u00f3n industrial y que resta la aprobaci\u00f3n del Ministerio de Ambiente.<\/p>\n\n\n\n<p>La compra fue adjudicada a la empresa LUTRUCKS S.A.S., tras descartar la oferta de la firma china NORINCO por no cumplir con los requisitos t\u00e9cnicos exigidos.<\/p>\n\n\n\n<p>Fuente : El Eco Digital.<\/p>\n\n\n\n<p><\/p>\n","protected":false},"excerpt":{"rendered":"<p>El Ej\u00e9rcito Nacional compr\u00f3 89 veh\u00edculos t\u00e1cticos Agrale Marru\u00e1 durante el gobierno de Luis Lacalle&#8230;<\/p>\n","protected":false},"author":5,"featured_media":2974,"comment_status":"closed","ping_status":"open","sticky":false,"template":"","format":"standard","meta":{"footnotes":""},"categories":[17],"tags":[],"class_list":["post-2971","post","type-post","status-publish","format-standard","has-post-thumbnail","hentry","category-nacionales"],"_links":{"self":[{"href":"https:\/\/saltonoticias.com.uy\/uy\/wp-json\/wp\/v2\/posts\/2971","targetHints":{"allow":["GET"]}}],"collection":[{"href":"https:\/\/saltonoticias.com.uy\/uy\/wp-json\/wp\/v2\/posts"}],"about":[{"href":"https:\/\/saltonoticias.com.uy\/uy\/wp-json\/wp\/v2\/types\/post"}],"author":[{"embeddable":true,"href":"https:\/\/saltonoticias.com.uy\/uy\/wp-json\/wp\/v2\/users\/5"}],"replies":[{"embeddable":true,"href":"https:\/\/saltonoticias.com.uy\/uy\/wp-json\/wp\/v2\/comments?post=2971"}],"version-history":[{"count":1,"href":"https:\/\/saltonoticias.com.uy\/uy\/wp-json\/wp\/v2\/posts\/2971\/revisions"}],"predecessor-version":[{"id":2977,"href":"https:\/\/saltonoticias.com.uy\/uy\/wp-json\/wp\/v2\/posts\/2971\/revisions\/2977"}],"wp:featuredmedia":[{"embeddable":true,"href":"https:\/\/saltonoticias.com.uy\/uy\/wp-json\/wp\/v2\/media\/2974"}],"wp:attachment":[{"href":"https:\/\/saltonoticias.com.uy\/uy\/wp-json\/wp\/v2\/media?parent=2971"}],"wp:term":[{"taxonomy":"category","embeddable":true,"href":"https:\/\/saltonoticias.com.uy\/uy\/wp-json\/wp\/v2\/categories?post=2971"},{"taxonomy":"post_tag","embeddable":true,"href":"https:\/\/saltonoticias.com.uy\/uy\/wp-json\/wp\/v2\/tags?post=2971"}],"curies":[{"name":"wp","href":"https:\/\/api.w.org\/{rel}","templated":true}]}}