{"id":3004,"date":"2026-04-27T19:38:16","date_gmt":"2026-04-27T19:38:16","guid":{"rendered":"https:\/\/saltonoticias.com.uy\/uy\/?p=3004"},"modified":"2026-04-27T19:38:16","modified_gmt":"2026-04-27T19:38:16","slug":"punta-del-este-sacrificaron-a-la-orca-y-trasladan-su-cuerpo","status":"publish","type":"post","link":"https:\/\/saltonoticias.com.uy\/uy\/punta-del-este-sacrificaron-a-la-orca-y-trasladan-su-cuerpo\/","title":{"rendered":"PUNTA DEL ESTE: SACRIFICARON A LA ORCA Y TRASLADAN SU CUERPO"},"content":{"rendered":"\n<p>La eutanasia se concret\u00f3 pasadas las <a href=\"https:\/\/x.com\/portalmvd\/status\/2048816031628398807?t=780\">13:00<\/a> de este lunes, luego de m\u00e1s de 12 horas de trabajo de voluntarios y profesionales para intentar devolverla al mar. <\/p>\n\n\n\n<p>El animal estaba muy debilitado y no ten\u00eda fuerzas para nadar. Tras la decisi\u00f3n, el cuerpo fue izado con una gr\u00faa m\u00f3vil y cargado en un cami\u00f3n rumbo a Montevideo. <\/p>\n\n\n\n<p>En la Facultad de Veterinaria se le realizar\u00e1 una necropsia para determinar las posibles causas del varamiento. (+) en Montevideo Portal: <a href=\"https:\/\/t.co\/S6JHPHyMHT\" target=\"_blank\" rel=\"noreferrer noopener\">http:\/\/m.uy\/uc960322<\/a> <\/p>\n\n\n\n<p>Video: Gustavo Descalzi<\/p>\n\n\n\n<figure class=\"wp-block-video\"><video height=\"270\" style=\"aspect-ratio: 478 \/ 270;\" width=\"478\" controls src=\"https:\/\/saltonoticias.com.uy\/uy\/wp-content\/uploads\/2026\/04\/ssstwitter.com_1777318666264.mp4\"><\/video><\/figure>\n","protected":false},"excerpt":{"rendered":"<p>Video <\/p>\n","protected":false},"author":5,"featured_media":3010,"comment_status":"closed","ping_status":"open","sticky":false,"template":"","format":"standard","meta":{"footnotes":""},"categories":[17],"tags":[],"class_list":["post-3004","post","type-post","status-publish","format-standard","has-post-thumbnail","hentry","category-nacionales"],"_links":{"self":[{"href":"https:\/\/saltonoticias.com.uy\/uy\/wp-json\/wp\/v2\/posts\/3004","targetHints":{"allow":["GET"]}}],"collection":[{"href":"https:\/\/saltonoticias.com.uy\/uy\/wp-json\/wp\/v2\/posts"}],"about":[{"href":"https:\/\/saltonoticias.com.uy\/uy\/wp-json\/wp\/v2\/types\/post"}],"author":[{"embeddable":true,"href":"https:\/\/saltonoticias.com.uy\/uy\/wp-json\/wp\/v2\/users\/5"}],"replies":[{"embeddable":true,"href":"https:\/\/saltonoticias.com.uy\/uy\/wp-json\/wp\/v2\/comments?post=3004"}],"version-history":[{"count":1,"href":"https:\/\/saltonoticias.com.uy\/uy\/wp-json\/wp\/v2\/posts\/3004\/revisions"}],"predecessor-version":[{"id":3013,"href":"https:\/\/saltonoticias.com.uy\/uy\/wp-json\/wp\/v2\/posts\/3004\/revisions\/3013"}],"wp:featuredmedia":[{"embeddable":true,"href":"https:\/\/saltonoticias.com.uy\/uy\/wp-json\/wp\/v2\/media\/3010"}],"wp:attachment":[{"href":"https:\/\/saltonoticias.com.uy\/uy\/wp-json\/wp\/v2\/media?parent=3004"}],"wp:term":[{"taxonomy":"category","embeddable":true,"href":"https:\/\/saltonoticias.com.uy\/uy\/wp-json\/wp\/v2\/categories?post=3004"},{"taxonomy":"post_tag","embeddable":true,"href":"https:\/\/saltonoticias.com.uy\/uy\/wp-json\/wp\/v2\/tags?post=3004"}],"curies":[{"name":"wp","href":"https:\/\/api.w.org\/{rel}","templated":true}]}}