{"id":3016,"date":"2026-04-27T19:56:09","date_gmt":"2026-04-27T19:56:09","guid":{"rendered":"https:\/\/saltonoticias.com.uy\/uy\/?p=3016"},"modified":"2026-04-27T19:56:09","modified_gmt":"2026-04-27T19:56:09","slug":"el-ciclon-se-aleja-pero-vienen-heladas-y-temperaturas-bajo-cero","status":"publish","type":"post","link":"https:\/\/saltonoticias.com.uy\/uy\/el-ciclon-se-aleja-pero-vienen-heladas-y-temperaturas-bajo-cero\/","title":{"rendered":"EL CICL\u00d3N SE ALEJA, PERO VIENEN HELADAS Y TEMPERATURAS BAJO CERO"},"content":{"rendered":"\n<p>El cicl\u00f3n ubicado a m\u00e1s de 500 kil\u00f3metros de la costa uruguaya provoc\u00f3 vientos fuertes, con rachas de hasta 100 km\/h en Punta del Este durante la madrugada del lunes. <\/p>\n\n\n\n<p>N\u00e9stor Santayana, meteor\u00f3logo de Inumet, dijo que \u201clo peor ya pas\u00f3\u201d, aunque los efectos del fen\u00f3meno podr\u00edan seguir hasta el martes. <\/p>\n\n\n\n<p>Para la semana se espera tiempo estable, fr\u00edo intenso y temperaturas bajo cero en el interior. El 1\u00ba de mayo podr\u00eda llover en el norte por un frente fr\u00edo que afectar\u00e1 a Brasil, mientras que en el sur la probabilidad de lluvia es muy baja. <\/p>\n\n\n\n<p>El domingo ser\u00eda el d\u00eda m\u00e1s fr\u00edo en lo que va del a\u00f1o. (+) en Montevideo Portal: <a href=\"https:\/\/t.co\/alhZSwiNkv\" target=\"_blank\" rel=\"noreferrer noopener\">http:\/\/m.uy\/uc960333<\/a><\/p>\n\n\n\n<p>Montevideo Portal.<\/p>\n","protected":false},"excerpt":{"rendered":"<p>El cicl\u00f3n ubicado a m\u00e1s de 500 kil\u00f3metros de la costa uruguaya provoc\u00f3 vientos fuertes,&#8230;<\/p>\n","protected":false},"author":5,"featured_media":3019,"comment_status":"closed","ping_status":"open","sticky":false,"template":"","format":"standard","meta":{"footnotes":""},"categories":[17],"tags":[],"class_list":["post-3016","post","type-post","status-publish","format-standard","has-post-thumbnail","hentry","category-nacionales"],"_links":{"self":[{"href":"https:\/\/saltonoticias.com.uy\/uy\/wp-json\/wp\/v2\/posts\/3016","targetHints":{"allow":["GET"]}}],"collection":[{"href":"https:\/\/saltonoticias.com.uy\/uy\/wp-json\/wp\/v2\/posts"}],"about":[{"href":"https:\/\/saltonoticias.com.uy\/uy\/wp-json\/wp\/v2\/types\/post"}],"author":[{"embeddable":true,"href":"https:\/\/saltonoticias.com.uy\/uy\/wp-json\/wp\/v2\/users\/5"}],"replies":[{"embeddable":true,"href":"https:\/\/saltonoticias.com.uy\/uy\/wp-json\/wp\/v2\/comments?post=3016"}],"version-history":[{"count":1,"href":"https:\/\/saltonoticias.com.uy\/uy\/wp-json\/wp\/v2\/posts\/3016\/revisions"}],"predecessor-version":[{"id":3022,"href":"https:\/\/saltonoticias.com.uy\/uy\/wp-json\/wp\/v2\/posts\/3016\/revisions\/3022"}],"wp:featuredmedia":[{"embeddable":true,"href":"https:\/\/saltonoticias.com.uy\/uy\/wp-json\/wp\/v2\/media\/3019"}],"wp:attachment":[{"href":"https:\/\/saltonoticias.com.uy\/uy\/wp-json\/wp\/v2\/media?parent=3016"}],"wp:term":[{"taxonomy":"category","embeddable":true,"href":"https:\/\/saltonoticias.com.uy\/uy\/wp-json\/wp\/v2\/categories?post=3016"},{"taxonomy":"post_tag","embeddable":true,"href":"https:\/\/saltonoticias.com.uy\/uy\/wp-json\/wp\/v2\/tags?post=3016"}],"curies":[{"name":"wp","href":"https:\/\/api.w.org\/{rel}","templated":true}]}}