{"id":3025,"date":"2026-04-28T15:29:56","date_gmt":"2026-04-28T15:29:56","guid":{"rendered":"https:\/\/saltonoticias.com.uy\/uy\/?p=3025"},"modified":"2026-04-28T15:29:56","modified_gmt":"2026-04-28T15:29:56","slug":"el-gobierno-de-salto-reconocio-a-funcionarios-jubilados-en-2025","status":"publish","type":"post","link":"https:\/\/saltonoticias.com.uy\/uy\/el-gobierno-de-salto-reconocio-a-funcionarios-jubilados-en-2025\/","title":{"rendered":"El Gobierno de Salto reconoci\u00f3 a funcionarios jubilados en 2025"},"content":{"rendered":"\n<p>En la tarde del lunes, el Gobierno de Salto llev\u00f3 adelante un acto de reconocimiento a funcionarios municipales que culminaron su ciclo laboral activo durante el a\u00f1o 2025.<\/p>\n\n\n\n<p>La instancia tuvo como objetivo distinguir a quienes, a lo largo de los a\u00f1os, desempe\u00f1aron funciones en la instituci\u00f3n, destacando su trayectoria, vocaci\u00f3n de servicio y el aporte realizado al desarrollo del departamento. &nbsp;<\/p>\n\n\n\n<p>El acto cont\u00f3 con la presencia del intendente Carlos Albisu, acompa\u00f1ado por integrantes de su equipo de gobierno, los funcionarios homenajeados y sus familiares, en un clima de emoci\u00f3n y reconocimiento.<\/p>\n\n\n\n<p>En la oportunidad fueron distinguidos: Elbio Edmar Manassi Almeida, Jos\u00e9 A. Lapeyra Pereira Das Neves, Ana Gloria Zacar\u00edas Galv\u00e1n, Jorge Mario G\u00f3mez Venegoni, H\u00e9ctor Ram\u00f3n Santana D\u00edaz, Luis Pedro Carrara Lairihoy, Aldo Adri\u00e1n Spina Silva, Pedro Ernesto Ib\u00e1\u00f1ez Ibero, Wilney Arambarri Rodr\u00edguez, Milton Jes\u00fas Imer Carabio, Daniel De Cuadro, William Mar\u00eda Blanco Robaina, Sergio Enrique Lizasoain Silva, Juan Jos\u00e9 Pertusatti Barboza, Juan de los Santos Mart\u00ednez, Rodolfo W. Brumengo Sanguinetti, Sergio Gustavo Severo Pereira, Roberto Ferreira N\u00fa\u00f1ez, Omar Almeida de los Santos, Julio C\u00e9sar Giovanoni Gorce, Julio Santiago Mart\u00ednez Bottaro y Oscar Eduardo Galeano S\u00e1nchez.<\/p>\n\n\n\n<p>Asimismo, se realiz\u00f3 un especial homenaje a Waldemar Hoffman Da Costa, ya fallecido, cuyo reconocimiento fue recibido por su familia.<\/p>\n\n\n\n<p>Durante la actividad, el coordinador de Gesti\u00f3n Humana, Alejandro Secco, destac\u00f3 la importancia del momento y la emoci\u00f3n de compartirlo con quienes culminaron su etapa laboral. Subray\u00f3 que la jubilaci\u00f3n representa \u201cun paso adelante\u201d en la vida personal y familiar, y valor\u00f3 el legado de quienes, con su trabajo cotidiano, contribuyeron al desarrollo de la Intendencia y de la sociedad salte\u00f1a.<\/p>\n\n\n\n<p>En ese marco, anunci\u00f3 adem\u00e1s la creaci\u00f3n de un espacio simb\u00f3lico de reconocimiento, donde cada funcionario jubilado ser\u00e1 invitado a plantar un \u00e1rbol aut\u00f3ctono \u2014un araz\u00e1\u2014 como recuerdo de su paso por la instituci\u00f3n y como s\u00edmbolo de su aporte al crecimiento del departamento.<\/p>\n\n\n\n<p>Por su parte, Elbio Manassi, en representaci\u00f3n de los homenajeados, expres\u00f3 su agradecimiento por el reconocimiento recibido, destacando el fuerte sentido de pertenencia que genera la labor municipal. Se\u00f1al\u00f3 que el lugar de trabajo \u201cse convierte en una familia\u201d, y valor\u00f3 la iniciativa como un gesto significativo hacia quienes dedicaron gran parte de su vida al servicio p\u00fablico. Tambi\u00e9n tuvo palabras de recuerdo para su compa\u00f1ero Waldemar Hoffman, enviando un saludo a su familia.<\/p>\n","protected":false},"excerpt":{"rendered":"<p>En la tarde del lunes, el Gobierno de Salto llev\u00f3 adelante un acto de reconocimiento&#8230;<\/p>\n","protected":false},"author":5,"featured_media":3028,"comment_status":"closed","ping_status":"open","sticky":false,"template":"","format":"standard","meta":{"footnotes":""},"categories":[8],"tags":[],"class_list":["post-3025","post","type-post","status-publish","format-standard","has-post-thumbnail","hentry","category-locales"],"_links":{"self":[{"href":"https:\/\/saltonoticias.com.uy\/uy\/wp-json\/wp\/v2\/posts\/3025","targetHints":{"allow":["GET"]}}],"collection":[{"href":"https:\/\/saltonoticias.com.uy\/uy\/wp-json\/wp\/v2\/posts"}],"about":[{"href":"https:\/\/saltonoticias.com.uy\/uy\/wp-json\/wp\/v2\/types\/post"}],"author":[{"embeddable":true,"href":"https:\/\/saltonoticias.com.uy\/uy\/wp-json\/wp\/v2\/users\/5"}],"replies":[{"embeddable":true,"href":"https:\/\/saltonoticias.com.uy\/uy\/wp-json\/wp\/v2\/comments?post=3025"}],"version-history":[{"count":1,"href":"https:\/\/saltonoticias.com.uy\/uy\/wp-json\/wp\/v2\/posts\/3025\/revisions"}],"predecessor-version":[{"id":3031,"href":"https:\/\/saltonoticias.com.uy\/uy\/wp-json\/wp\/v2\/posts\/3025\/revisions\/3031"}],"wp:featuredmedia":[{"embeddable":true,"href":"https:\/\/saltonoticias.com.uy\/uy\/wp-json\/wp\/v2\/media\/3028"}],"wp:attachment":[{"href":"https:\/\/saltonoticias.com.uy\/uy\/wp-json\/wp\/v2\/media?parent=3025"}],"wp:term":[{"taxonomy":"category","embeddable":true,"href":"https:\/\/saltonoticias.com.uy\/uy\/wp-json\/wp\/v2\/categories?post=3025"},{"taxonomy":"post_tag","embeddable":true,"href":"https:\/\/saltonoticias.com.uy\/uy\/wp-json\/wp\/v2\/tags?post=3025"}],"curies":[{"name":"wp","href":"https:\/\/api.w.org\/{rel}","templated":true}]}}