{"id":3043,"date":"2026-04-28T21:19:18","date_gmt":"2026-04-28T21:19:18","guid":{"rendered":"https:\/\/saltonoticias.com.uy\/uy\/?p=3043"},"modified":"2026-04-28T21:19:19","modified_gmt":"2026-04-28T21:19:19","slug":"matricula-en-inicial-y-primaria-se-redujo-109-con-respecto-a-2020","status":"publish","type":"post","link":"https:\/\/saltonoticias.com.uy\/uy\/matricula-en-inicial-y-primaria-se-redujo-109-con-respecto-a-2020\/","title":{"rendered":"Matr\u00edcula en Inicial y Primaria se redujo 10,9% con respecto a 2020"},"content":{"rendered":"\n<p>La Administraci\u00f3n Nacional de Educaci\u00f3n P\u00fablica (ANEP) present\u00f3 el Monitor Educativo de Educaci\u00f3n Inicial y Primaria correspondiente al a\u00f1o 2025, un informe que revela las principales tendencias del sistema educativo uruguayo. Durante el \u00faltimo ejercicio, se atendi\u00f3 a un total de 304.806 ni\u00f1os, de los cuales el 81,5% concurri\u00f3 al sistema p\u00fablico.<\/p>\n\n\n\n<p>El dato m\u00e1s contundente es el descenso de la matr\u00edcula, que disminuy\u00f3 por quinto a\u00f1o consecutivo. En 2025 hubo 37.476 estudiantes menos que en 2020, una ca\u00edda del 10,9% explicada por el persistente decrecimiento de nacimientos en el pa\u00eds desde 2016. Esta realidad demogr\u00e1fica ha permitido, sin embargo, reducir el tama\u00f1o medio de las clases a 20,6 alumnos en Primaria y a un m\u00ednimo hist\u00f3rico de 17,7 en Inicial.<\/p>\n\n\n\n<p>En cuanto a la asistencia, si bien el ausentismo cr\u00f3nico sigue siendo un desaf\u00edo estructural (afecta al 54,4% en Primaria), las cifras mostraron una recuperaci\u00f3n alentadora tras la pandemia. El presidente del Codicen, Pablo Caggiani, valor\u00f3 la hoja de ruta interinstitucional aplicada el a\u00f1o pasado: \u201cUruguay ten\u00eda antes de la pandemia una situaci\u00f3n que no era buena; la pandemia nos desparram\u00f3, y lo que se logr\u00f3 en este informe es una mejora importante a partir de lo que fue la hoja de ruta que se aprob\u00f3 el a\u00f1o pasado\u201d.<\/p>\n\n\n\n<p>Finalmente, el informe advierte sobre la brecha en la extraedad en 6\u00b0 grado: mientras que en el quintil m\u00e1s favorable afecta al 10,5% de los alumnos, en el quintil 1 (el m\u00e1s vulnerable) la cifra trepa al 31,8%.<\/p>\n\n\n\n<p>El Tel\u00e9grafo.<\/p>\n","protected":false},"excerpt":{"rendered":"<p>La Administraci\u00f3n Nacional de Educaci\u00f3n P\u00fablica (ANEP) present\u00f3 el Monitor Educativo de Educaci\u00f3n Inicial y&#8230;<\/p>\n","protected":false},"author":5,"featured_media":3046,"comment_status":"closed","ping_status":"open","sticky":false,"template":"","format":"standard","meta":{"footnotes":""},"categories":[17],"tags":[],"class_list":["post-3043","post","type-post","status-publish","format-standard","has-post-thumbnail","hentry","category-nacionales"],"_links":{"self":[{"href":"https:\/\/saltonoticias.com.uy\/uy\/wp-json\/wp\/v2\/posts\/3043","targetHints":{"allow":["GET"]}}],"collection":[{"href":"https:\/\/saltonoticias.com.uy\/uy\/wp-json\/wp\/v2\/posts"}],"about":[{"href":"https:\/\/saltonoticias.com.uy\/uy\/wp-json\/wp\/v2\/types\/post"}],"author":[{"embeddable":true,"href":"https:\/\/saltonoticias.com.uy\/uy\/wp-json\/wp\/v2\/users\/5"}],"replies":[{"embeddable":true,"href":"https:\/\/saltonoticias.com.uy\/uy\/wp-json\/wp\/v2\/comments?post=3043"}],"version-history":[{"count":1,"href":"https:\/\/saltonoticias.com.uy\/uy\/wp-json\/wp\/v2\/posts\/3043\/revisions"}],"predecessor-version":[{"id":3049,"href":"https:\/\/saltonoticias.com.uy\/uy\/wp-json\/wp\/v2\/posts\/3043\/revisions\/3049"}],"wp:featuredmedia":[{"embeddable":true,"href":"https:\/\/saltonoticias.com.uy\/uy\/wp-json\/wp\/v2\/media\/3046"}],"wp:attachment":[{"href":"https:\/\/saltonoticias.com.uy\/uy\/wp-json\/wp\/v2\/media?parent=3043"}],"wp:term":[{"taxonomy":"category","embeddable":true,"href":"https:\/\/saltonoticias.com.uy\/uy\/wp-json\/wp\/v2\/categories?post=3043"},{"taxonomy":"post_tag","embeddable":true,"href":"https:\/\/saltonoticias.com.uy\/uy\/wp-json\/wp\/v2\/tags?post=3043"}],"curies":[{"name":"wp","href":"https:\/\/api.w.org\/{rel}","templated":true}]}}