{"id":3070,"date":"2026-04-29T00:27:52","date_gmt":"2026-04-29T00:27:52","guid":{"rendered":"https:\/\/saltonoticias.com.uy\/uy\/?p=3070"},"modified":"2026-04-29T11:31:50","modified_gmt":"2026-04-29T11:31:50","slug":"albisu-encabeza-gabinete-ampliado-en-termas-del-arapey-con-foco-en-el-nuevo-presupuesto","status":"publish","type":"post","link":"https:\/\/saltonoticias.com.uy\/uy\/albisu-encabeza-gabinete-ampliado-en-termas-del-arapey-con-foco-en-el-nuevo-presupuesto\/","title":{"rendered":"Albisu encabeza gabinete ampliado en Termas del Arapey con foco en el nuevo Presupuesto"},"content":{"rendered":"\n<p>El intendente de Salto, Carlos Albisu, encabeza un gabinete ampliado del equipo de gobierno que se desarrolla este martes y mi\u00e9rcoles en Termas del Arapey.<\/p>\n\n\n\n<p>Del encuentro participan los integrantes del Ejecutivo departamental, ya con la conformaci\u00f3n del nuevo organigrama, as\u00ed como la mesa de la Junta Departamental de Salto y los diputados Pablo Constenla y Horacio de Brum.<\/p>\n\n\n\n<p>En la primera jornada, el intendente Albisu realiz\u00f3 una presentaci\u00f3n general, haciendo hincapi\u00e9 en el nuevo Presupuesto Departamental, recientemente aprobado por la Junta de Salto y que entrar\u00e1 en vigencia en los pr\u00f3ximos d\u00edas.<\/p>\n\n\n\n<p>Durante la instancia, el diputado del Partido Colorado, Horacio de Brum, reafirm\u00f3 el respaldo y compromiso tanto suyo como de su agrupaci\u00f3n pol\u00edtica con la gesti\u00f3n del Gobierno Departamental, destacando la voluntad de continuar trabajando de manera coordinada en beneficio del departamento.<\/p>\n\n\n\n<p>Asimismo, se destac\u00f3 el trabajo llevado adelante para la aprobaci\u00f3n del financiamiento a largo plazo, cuyos recursos permitir\u00e1n atender deudas heredadas y avanzar en la transformaci\u00f3n que Salto necesita en materia de obras e infraestructura. En ese sentido, se subray\u00f3 que la tasa obtenida es inferior a antecedentes previos, lo que podr\u00eda representar un ahorro global estimado de hasta 41 millones de d\u00f3lares. Los fondos estar\u00e1n destinados tanto al saneamiento de pasivos como al impulso de nuevas obras.<\/p>\n\n\n\n<p>Cabe se\u00f1alar que cada integrante del equipo de gobierno asumi\u00f3 los costos de su alojamiento y alimentaci\u00f3n durante ambas jornadas, por lo que la realizaci\u00f3n de esta instancia no implica gastos para las arcas del Gobierno Departamental.<\/p>\n","protected":false},"excerpt":{"rendered":"<p>El intendente de Salto, Carlos Albisu, encabeza un gabinete ampliado del equipo de gobierno que&#8230;<\/p>\n","protected":false},"author":5,"featured_media":3079,"comment_status":"closed","ping_status":"open","sticky":false,"template":"","format":"standard","meta":{"footnotes":""},"categories":[8],"tags":[],"class_list":["post-3070","post","type-post","status-publish","format-standard","has-post-thumbnail","hentry","category-locales"],"_links":{"self":[{"href":"https:\/\/saltonoticias.com.uy\/uy\/wp-json\/wp\/v2\/posts\/3070","targetHints":{"allow":["GET"]}}],"collection":[{"href":"https:\/\/saltonoticias.com.uy\/uy\/wp-json\/wp\/v2\/posts"}],"about":[{"href":"https:\/\/saltonoticias.com.uy\/uy\/wp-json\/wp\/v2\/types\/post"}],"author":[{"embeddable":true,"href":"https:\/\/saltonoticias.com.uy\/uy\/wp-json\/wp\/v2\/users\/5"}],"replies":[{"embeddable":true,"href":"https:\/\/saltonoticias.com.uy\/uy\/wp-json\/wp\/v2\/comments?post=3070"}],"version-history":[{"count":1,"href":"https:\/\/saltonoticias.com.uy\/uy\/wp-json\/wp\/v2\/posts\/3070\/revisions"}],"predecessor-version":[{"id":3076,"href":"https:\/\/saltonoticias.com.uy\/uy\/wp-json\/wp\/v2\/posts\/3070\/revisions\/3076"}],"wp:featuredmedia":[{"embeddable":true,"href":"https:\/\/saltonoticias.com.uy\/uy\/wp-json\/wp\/v2\/media\/3079"}],"wp:attachment":[{"href":"https:\/\/saltonoticias.com.uy\/uy\/wp-json\/wp\/v2\/media?parent=3070"}],"wp:term":[{"taxonomy":"category","embeddable":true,"href":"https:\/\/saltonoticias.com.uy\/uy\/wp-json\/wp\/v2\/categories?post=3070"},{"taxonomy":"post_tag","embeddable":true,"href":"https:\/\/saltonoticias.com.uy\/uy\/wp-json\/wp\/v2\/tags?post=3070"}],"curies":[{"name":"wp","href":"https:\/\/api.w.org\/{rel}","templated":true}]}}