{"id":3082,"date":"2026-04-29T21:02:31","date_gmt":"2026-04-29T21:02:31","guid":{"rendered":"https:\/\/saltonoticias.com.uy\/uy\/?p=3082"},"modified":"2026-04-29T21:02:32","modified_gmt":"2026-04-29T21:02:32","slug":"cecoed-exhorta-a-extremar-cuidados-ante-aviso-de-inumet-por-tormentas-fuertes-en-el-norte-del-pais","status":"publish","type":"post","link":"https:\/\/saltonoticias.com.uy\/uy\/cecoed-exhorta-a-extremar-cuidados-ante-aviso-de-inumet-por-tormentas-fuertes-en-el-norte-del-pais\/","title":{"rendered":"CECOED exhorta a extremar cuidados ante aviso de INUMET por tormentas fuertes en el norte del pa\u00eds"},"content":{"rendered":"\n<p>El Instituto Uruguayo de Meteorolog\u00eda (INUMET) emiti\u00f3 un bolet\u00edn de aviso ante la posible ocurrencia de tormentas fuertes con rachas de viento fuerte asociadas debido a una perturbaci\u00f3n atmosf\u00e9rica que afectar\u00e1 al norte del pa\u00eds. El volumen de precipitaciones podr\u00e1 alcanzar entre 20 y 40 mm en tres horas durante la jornada del viernes 1\u00ba de mayo.<\/p>\n\n\n\n<p>Desde el Centro Coordinador de Emergencias Departamentales (CECOED) se exhorta a la poblaci\u00f3n a extremar los cuidados en caso de ocurrencia de fen\u00f3menos meteorol\u00f3gicos intensos y recuerda que las comunicaciones pueden realizarse al 099383807 y el 911 en casos de emergencia.<\/p>\n","protected":false},"excerpt":{"rendered":"<p>El Instituto Uruguayo de Meteorolog\u00eda (INUMET) emiti\u00f3 un bolet\u00edn de aviso ante la posible ocurrencia&#8230;<\/p>\n","protected":false},"author":5,"featured_media":3085,"comment_status":"closed","ping_status":"open","sticky":false,"template":"","format":"standard","meta":{"footnotes":""},"categories":[8],"tags":[],"class_list":["post-3082","post","type-post","status-publish","format-standard","has-post-thumbnail","hentry","category-locales"],"_links":{"self":[{"href":"https:\/\/saltonoticias.com.uy\/uy\/wp-json\/wp\/v2\/posts\/3082","targetHints":{"allow":["GET"]}}],"collection":[{"href":"https:\/\/saltonoticias.com.uy\/uy\/wp-json\/wp\/v2\/posts"}],"about":[{"href":"https:\/\/saltonoticias.com.uy\/uy\/wp-json\/wp\/v2\/types\/post"}],"author":[{"embeddable":true,"href":"https:\/\/saltonoticias.com.uy\/uy\/wp-json\/wp\/v2\/users\/5"}],"replies":[{"embeddable":true,"href":"https:\/\/saltonoticias.com.uy\/uy\/wp-json\/wp\/v2\/comments?post=3082"}],"version-history":[{"count":1,"href":"https:\/\/saltonoticias.com.uy\/uy\/wp-json\/wp\/v2\/posts\/3082\/revisions"}],"predecessor-version":[{"id":3088,"href":"https:\/\/saltonoticias.com.uy\/uy\/wp-json\/wp\/v2\/posts\/3082\/revisions\/3088"}],"wp:featuredmedia":[{"embeddable":true,"href":"https:\/\/saltonoticias.com.uy\/uy\/wp-json\/wp\/v2\/media\/3085"}],"wp:attachment":[{"href":"https:\/\/saltonoticias.com.uy\/uy\/wp-json\/wp\/v2\/media?parent=3082"}],"wp:term":[{"taxonomy":"category","embeddable":true,"href":"https:\/\/saltonoticias.com.uy\/uy\/wp-json\/wp\/v2\/categories?post=3082"},{"taxonomy":"post_tag","embeddable":true,"href":"https:\/\/saltonoticias.com.uy\/uy\/wp-json\/wp\/v2\/tags?post=3082"}],"curies":[{"name":"wp","href":"https:\/\/api.w.org\/{rel}","templated":true}]}}