{"id":3100,"date":"2026-04-29T21:04:39","date_gmt":"2026-04-29T21:04:39","guid":{"rendered":"https:\/\/saltonoticias.com.uy\/uy\/?p=3100"},"modified":"2026-04-29T21:04:39","modified_gmt":"2026-04-29T21:04:39","slug":"ande-y-anii-eligieron-salto-para-lanzar-el-programa-catalizadores-de-emprendimientos","status":"publish","type":"post","link":"https:\/\/saltonoticias.com.uy\/uy\/ande-y-anii-eligieron-salto-para-lanzar-el-programa-catalizadores-de-emprendimientos\/","title":{"rendered":"ANDE y ANII eligieron Salto para lanzar el programa Catalizadores de Emprendimientos"},"content":{"rendered":"\n<p>El Gobierno de Salto particip\u00f3 este mi\u00e9rcoles 29 de abril del lanzamiento del programa Catalizadores de Emprendimientos, una iniciativa impulsada por ANDE y ANII, en el marco de Uruguay Innova, que tuvo lugar en la sede Salto de la Universidad de la Rep\u00fablica \u2013 Cenur Litoral Norte.<\/p>\n\n\n\n<p>La actividad cont\u00f3 con la presencia del presidente de ANDE, F\u00e9lix Sosa; el presidente de ANII, \u00c1lvaro Brunini; y el director de la sede Salto del Cenur Litoral Norte de Udelar, Juan Romero. En representaci\u00f3n del Gobierno de Salto particip\u00f3 el coordinador de Innovaci\u00f3n y Desarrollo Productivo, Pablo Da Cunda.<\/p>\n\n\n\n<p>El programa tiene como objetivo fomentar y fortalecer la cultura emprendedora, con especial foco en la comunidad cient\u00edfico-tecnol\u00f3gica, promoviendo la creaci\u00f3n de emprendimientos de estas \u00e1reas y contribuyendo a vincular la generaci\u00f3n de conocimiento con el sector productivo nacional.<\/p>\n\n\n\n<p>Da Cunda valor\u00f3 especialmente que Salto haya sido elegido como lugar de lanzamiento de una iniciativa nacional de estas caracter\u00edsticas, y se\u00f1al\u00f3 que esta instancia se alinea con la decisi\u00f3n del Gobierno de Salto de crear, en este per\u00edodo, un \u00e1rea espec\u00edfica de Innovaci\u00f3n y Desarrollo Productivo, fortaleciendo as\u00ed su agenda institucional vinculada a la innovaci\u00f3n, el emprendimiento y el desarrollo del departamento.<\/p>\n\n\n\n<p>\u201cPara nosotros es muy importante que ANDE y ANII hayan elegido Salto para lanzar este programa, porque se da en una etapa en la que el Gobierno de Salto decidi\u00f3 crear un \u00e1rea espec\u00edfica de Innovaci\u00f3n, justamente para trabajar estos temas con mayor foco, articulaci\u00f3n y presencia en el territorio. Venimos generando puentes entre las instituciones nacionales, la academia y los sectores productivos, convencidos de que la innovaci\u00f3n tiene sentido cuando se transforma en herramientas concretas para emprendedores, empresas y oportunidades reales de desarrollo\u201d, se\u00f1al\u00f3 Da Cunda.<\/p>\n\n\n\n<p>Desde el Gobierno de Salto se destac\u00f3 que esta participaci\u00f3n forma parte de un proceso m\u00e1s amplio de articulaci\u00f3n con organismos nacionales, universidades, centros educativos, instituciones de investigaci\u00f3n y actores locales vinculados al desarrollo productivo. En ese marco, se viene trabajando en la formalizaci\u00f3n de un convenio de cooperaci\u00f3n con ANII, que permitir\u00e1 fortalecer l\u00edneas de acci\u00f3n vinculadas a la ciencia, la tecnolog\u00eda, la innovaci\u00f3n y el desarrollo de emprendimientos en el departamento.<\/p>\n\n\n\n<p>La participaci\u00f3n en esta instancia se suma a una agenda de trabajo que el Gobierno de Salto viene impulsando para acercar herramientas al territorio, acompa\u00f1ar a emprendedores y empresas, y generar espacios de cooperaci\u00f3n que permitan transformar conocimiento y oportunidades en acciones concretas para el departamento.<\/p>\n","protected":false},"excerpt":{"rendered":"<p>El Gobierno de Salto particip\u00f3 este mi\u00e9rcoles 29 de abril del lanzamiento del programa Catalizadores&#8230;<\/p>\n","protected":false},"author":5,"featured_media":3103,"comment_status":"closed","ping_status":"open","sticky":false,"template":"","format":"standard","meta":{"footnotes":""},"categories":[8],"tags":[],"class_list":["post-3100","post","type-post","status-publish","format-standard","has-post-thumbnail","hentry","category-locales"],"_links":{"self":[{"href":"https:\/\/saltonoticias.com.uy\/uy\/wp-json\/wp\/v2\/posts\/3100","targetHints":{"allow":["GET"]}}],"collection":[{"href":"https:\/\/saltonoticias.com.uy\/uy\/wp-json\/wp\/v2\/posts"}],"about":[{"href":"https:\/\/saltonoticias.com.uy\/uy\/wp-json\/wp\/v2\/types\/post"}],"author":[{"embeddable":true,"href":"https:\/\/saltonoticias.com.uy\/uy\/wp-json\/wp\/v2\/users\/5"}],"replies":[{"embeddable":true,"href":"https:\/\/saltonoticias.com.uy\/uy\/wp-json\/wp\/v2\/comments?post=3100"}],"version-history":[{"count":1,"href":"https:\/\/saltonoticias.com.uy\/uy\/wp-json\/wp\/v2\/posts\/3100\/revisions"}],"predecessor-version":[{"id":3106,"href":"https:\/\/saltonoticias.com.uy\/uy\/wp-json\/wp\/v2\/posts\/3100\/revisions\/3106"}],"wp:featuredmedia":[{"embeddable":true,"href":"https:\/\/saltonoticias.com.uy\/uy\/wp-json\/wp\/v2\/media\/3103"}],"wp:attachment":[{"href":"https:\/\/saltonoticias.com.uy\/uy\/wp-json\/wp\/v2\/media?parent=3100"}],"wp:term":[{"taxonomy":"category","embeddable":true,"href":"https:\/\/saltonoticias.com.uy\/uy\/wp-json\/wp\/v2\/categories?post=3100"},{"taxonomy":"post_tag","embeddable":true,"href":"https:\/\/saltonoticias.com.uy\/uy\/wp-json\/wp\/v2\/tags?post=3100"}],"curies":[{"name":"wp","href":"https:\/\/api.w.org\/{rel}","templated":true}]}}