{"id":3139,"date":"2026-04-30T22:09:09","date_gmt":"2026-04-30T22:09:09","guid":{"rendered":"https:\/\/saltonoticias.com.uy\/uy\/?p=3139"},"modified":"2026-04-30T22:09:09","modified_gmt":"2026-04-30T22:09:09","slug":"utu-promueve-practica-laboral-remunerada-de-estudiantes-en-empresas-privadas","status":"publish","type":"post","link":"https:\/\/saltonoticias.com.uy\/uy\/utu-promueve-practica-laboral-remunerada-de-estudiantes-en-empresas-privadas\/","title":{"rendered":"UTU promueve pr\u00e1ctica laboral remunerada de estudiantes en empresas privadas"},"content":{"rendered":"\n<p>El programa UTU Dual: Puentes entre educaci\u00f3n y trabajo, impulsa alternancia entre aula y empresa, tutor\u00edas, evaluaci\u00f3n, dise\u00f1o curricular y formaci\u00f3n en contextos reales. <\/p>\n\n\n\n<p>Actualmente, funcionan diez experiencias en la zona metropolitana, con 200 estudiantes, y se trabajar\u00e1 para extenderlas a todo el pa\u00eds, en 2027, como aporte para revertir el desempleo juvenil, adelant\u00f3 el director de gesti\u00f3n acad\u00e9mica de UTU, Fernando Ubal.<\/p>\n\n\n\n<p>La&nbsp;<a href=\"https:\/\/www.utu.edu.uy\/\">Direcci\u00f3n General de Educaci\u00f3n T\u00e9cnico Profesional (DGETP &#8211; UTU)<\/a>, a trav\u00e9s de la&nbsp;<strong>Direcci\u00f3n T\u00e9cnica de Gesti\u00f3n Acad\u00e9mica<\/strong>, present\u00f3 este jueves 30 el programa&nbsp;<strong>UTU Dual: Puentes entre educaci\u00f3n y trabajo<\/strong>. La directora general de ese organismo,&nbsp;<strong>Virginia Verderese<\/strong>, inform\u00f3 que desde la educaci\u00f3n t\u00e9cnica se promueve la formaci\u00f3n dual como un espacio de pr\u00e1cticas remunerado para estudiantes y empresas.&nbsp;<\/p>\n\n\n\n<p>\u201cEn un pa\u00eds donde los j\u00f3venes tienen tanta dificultad para acceder a un empleo,&nbsp;<strong>es una gran estrategia que casi el 70% de los estudiantes que participan de la experiencia permanezcan trabajando&nbsp;<\/strong>en las empresas donde realizaron las pr\u00e1cticas\u201d, agreg\u00f3, en la instancia de la que tambi\u00e9n particip\u00f3 el presidente de la&nbsp;<a href=\"https:\/\/www.anep.edu.uy\/\">ANEP<\/a>,&nbsp;<strong>Pablo Caggiani,&nbsp;<\/strong>y la consejera de Secundaria,<strong>&nbsp;Carolina Pallas.<\/strong><br><br>Con esta iniciativa&nbsp;<strong>\u201clos estudiantes tienen una formaci\u00f3n de calidad en un espacio de trabajo real\u201d<\/strong>, resalt\u00f3 a su turno, el titular de la Direcci\u00f3n T\u00e9cnica de Gesti\u00f3n Acad\u00e9mica de la UTU,&nbsp;<strong>Fernando Ubal.&nbsp;<\/strong>Agreg\u00f3 que&nbsp;<strong>actualmente el programa se desarrolla junto con diez empresas privadas, y se espera para este a\u00f1o la participaci\u00f3n de unos 200 j\u00f3venes en la zona metropolitana.<\/strong>&nbsp;<\/p>\n\n\n\n<p>Asimismo, adelant\u00f3 que&nbsp;<strong>el objetivo para 2027 es contar con al menos una experiencia en cada departamento del pa\u00eds.&nbsp;<\/strong><\/p>\n\n\n\n<p>\u201cNuestra ambici\u00f3n es normalizar la educaci\u00f3n dual en los centros educativos, es decir que no sea algo excepcional, sino que cada centro educativo se involucre con las empresas de su entorno o de formaci\u00f3n, donde los estudiantes puedan desarrollar proyectos\u201d, dijo.<\/p>\n\n\n\n<p>En defensa del programa,&nbsp;<strong>Ubal argument\u00f3 que en los pa\u00edses donde est\u00e1 instalada la formaci\u00f3n dual el desempleo juvenil es casi nulo.<\/strong>&nbsp;En ese sentido, abog\u00f3 para que las empresas se interesen en la iniciativa y que UTU avance en la promoci\u00f3n de carreras y orientaciones que puedan integrarse al programa.<\/p>\n\n\n\n<h3 class=\"wp-block-heading\">Formaci\u00f3n Dual: alternancia entre el aula y la empresa<\/h3>\n\n\n\n<p>El programa constituye un modelo pedag\u00f3gico que integra de manera sistem\u00e1tica la educaci\u00f3n con la experiencia formativa en \u00e1mbitos reales de trabajo.&nbsp;<\/p>\n\n\n\n<p>Su objetivo es&nbsp;<strong>favorecer el desarrollo de competencias t\u00e9cnicas, profesionales y transversales a trav\u00e9s del tejido de puentes entre los centros educativos y las empresas, promoviendo trayectorias educativas continuas y eficientes<\/strong>.<\/p>\n\n\n\n<p>Permite la experiencia profesional temprana, el desarrollo del talento calificado, un acompa\u00f1amiento sistem\u00e1tico y una orientaci\u00f3n vocacional y laboral m\u00e1s efectiva, integrando competencias t\u00e9cnicas espec\u00edficas con competencias transversales que habilitan el aprendizaje permanente, la continuidad educativa y la inserci\u00f3n laboral de calidad.<\/p>\n\n\n\n<p>La Formaci\u00f3n Dual se basa en la corresponsabilidad entre UTU y la empresa formadora, con roles definidos y objetivos compartidos. Est\u00e1 regida por la&nbsp;<a href=\"https:\/\/www.impo.com.uy\/bases\/leyes\/19973-2021\">Ley n.\u00b0 19.973 de Promoci\u00f3n del Empleo<\/a>, que incluye la pr\u00e1ctica formativa remunerada y vinculo funcional para j\u00f3venes y empresas que se adhieran al r\u00e9gimen de formaci\u00f3n dual.<\/p>\n\n\n\n<p>El&nbsp;<a href=\"https:\/\/www.inefop.uy\/\">Instituto Nacional de Empleo y Formaci\u00f3n Profesional (Inefop)<\/a>&nbsp;<strong>subsidia hasta el 50% del salario del aprendiz y el 100% del tiempo del tutor. Actualmente, el 70% de los participantes del programa logra insertarse laboralmente y cerca del 60% contin\u00faan trabajando en la empresa<\/strong>.<\/p>\n\n\n\n<h3 class=\"wp-block-heading\">Aportes de las partes<\/h3>\n\n\n\n<p><strong>Empresas:<\/strong>&nbsp;Tutor\u00eda y gu\u00eda pr\u00e1ctica. \u00c1mbitos reales de trabajo. Retroalimentaci\u00f3n continua. Participaci\u00f3n en la evaluaci\u00f3n. Pago del 50% del salario del aprendiz.<\/p>\n\n\n\n<p><strong>UTU:&nbsp;<\/strong>Equipo t\u00e9cnico especializado. Selecci\u00f3n y seguimiento de estudiantes. Dise\u00f1o curricular y evaluaci\u00f3n de competencias. Acompa\u00f1amiento pedag\u00f3gico permanente. Garant\u00eda de est\u00e1ndares de calidad. Certificaci\u00f3n final.<br><br>Los estudiantes interesados en participar pueden dirigirse a a la sede de UTU central, ubicada en San Salvador 1674 oficina 30 o escribir a los siguientes correos electr\u00f3nicos: utudual@utu.edu.uy; lgismero@utu.edu.uy; vuri@utu.edu.uy<\/p>\n","protected":false},"excerpt":{"rendered":"<p>Formaci\u00f3n de calidad en espacios reales<\/p>\n","protected":false},"author":5,"featured_media":3142,"comment_status":"closed","ping_status":"open","sticky":false,"template":"","format":"standard","meta":{"footnotes":""},"categories":[17],"tags":[],"class_list":["post-3139","post","type-post","status-publish","format-standard","has-post-thumbnail","hentry","category-nacionales"],"_links":{"self":[{"href":"https:\/\/saltonoticias.com.uy\/uy\/wp-json\/wp\/v2\/posts\/3139","targetHints":{"allow":["GET"]}}],"collection":[{"href":"https:\/\/saltonoticias.com.uy\/uy\/wp-json\/wp\/v2\/posts"}],"about":[{"href":"https:\/\/saltonoticias.com.uy\/uy\/wp-json\/wp\/v2\/types\/post"}],"author":[{"embeddable":true,"href":"https:\/\/saltonoticias.com.uy\/uy\/wp-json\/wp\/v2\/users\/5"}],"replies":[{"embeddable":true,"href":"https:\/\/saltonoticias.com.uy\/uy\/wp-json\/wp\/v2\/comments?post=3139"}],"version-history":[{"count":1,"href":"https:\/\/saltonoticias.com.uy\/uy\/wp-json\/wp\/v2\/posts\/3139\/revisions"}],"predecessor-version":[{"id":3145,"href":"https:\/\/saltonoticias.com.uy\/uy\/wp-json\/wp\/v2\/posts\/3139\/revisions\/3145"}],"wp:featuredmedia":[{"embeddable":true,"href":"https:\/\/saltonoticias.com.uy\/uy\/wp-json\/wp\/v2\/media\/3142"}],"wp:attachment":[{"href":"https:\/\/saltonoticias.com.uy\/uy\/wp-json\/wp\/v2\/media?parent=3139"}],"wp:term":[{"taxonomy":"category","embeddable":true,"href":"https:\/\/saltonoticias.com.uy\/uy\/wp-json\/wp\/v2\/categories?post=3139"},{"taxonomy":"post_tag","embeddable":true,"href":"https:\/\/saltonoticias.com.uy\/uy\/wp-json\/wp\/v2\/tags?post=3139"}],"curies":[{"name":"wp","href":"https:\/\/api.w.org\/{rel}","templated":true}]}}