{"id":3178,"date":"2026-05-01T01:57:18","date_gmt":"2026-05-01T01:57:18","guid":{"rendered":"https:\/\/saltonoticias.com.uy\/uy\/?p=3178"},"modified":"2026-05-01T01:57:19","modified_gmt":"2026-05-01T01:57:19","slug":"servicios-afectados-este-1o-de-mayo-por-el-dia-de-los-trabajadores","status":"publish","type":"post","link":"https:\/\/saltonoticias.com.uy\/uy\/servicios-afectados-este-1o-de-mayo-por-el-dia-de-los-trabajadores\/","title":{"rendered":"Servicios afectados este 1\u00ba de mayo por el D\u00eda de los Trabajadores"},"content":{"rendered":"\n<p>Con motivo de conmemorarse el D\u00eda Internacional de los Trabajadores, este viernes 1\u00ba de mayo de 2026 diversos servicios de la Intendencia de Salto se ver\u00e1n afectados por tratarse de un feriado no laborable.<\/p>\n\n\n\n<p>Los servicios de \u00f3mnibus urbanos, recolecci\u00f3n, barrido y levantamiento de podas no se cumplir\u00e1n durante la jornada. Tampoco habr\u00e1 atenci\u00f3n al p\u00fablico en oficinas administrativas. Museos y teatros permanecer\u00e1n cerrados.<\/p>\n\n\n\n<p>En tanto, los centros termales de Daym\u00e1n y Arapey funcionar\u00e1n con normalidad. Daym\u00e1n permanecer\u00e1 abierto de 8 a 22 horas mientras que el consorcio COSA tendr\u00e1 tres frecuencias en el d\u00eda: 6:30, 14:20 y 22:30 desde Julio Delgado y Brasil y 7:00, 15:00 y 23:00 desde Termas hacia Salto.<\/p>\n\n\n\n<p>Cementerio Central y de Barrio Artigas permanecer\u00e1n abiertos de 9 a 15 horas.<\/p>\n","protected":false},"excerpt":{"rendered":"<p>Con motivo de conmemorarse el D\u00eda Internacional de los Trabajadores, este viernes 1\u00ba de mayo&#8230;<\/p>\n","protected":false},"author":5,"featured_media":3181,"comment_status":"closed","ping_status":"open","sticky":false,"template":"","format":"standard","meta":{"footnotes":""},"categories":[8],"tags":[],"class_list":["post-3178","post","type-post","status-publish","format-standard","has-post-thumbnail","hentry","category-locales"],"_links":{"self":[{"href":"https:\/\/saltonoticias.com.uy\/uy\/wp-json\/wp\/v2\/posts\/3178","targetHints":{"allow":["GET"]}}],"collection":[{"href":"https:\/\/saltonoticias.com.uy\/uy\/wp-json\/wp\/v2\/posts"}],"about":[{"href":"https:\/\/saltonoticias.com.uy\/uy\/wp-json\/wp\/v2\/types\/post"}],"author":[{"embeddable":true,"href":"https:\/\/saltonoticias.com.uy\/uy\/wp-json\/wp\/v2\/users\/5"}],"replies":[{"embeddable":true,"href":"https:\/\/saltonoticias.com.uy\/uy\/wp-json\/wp\/v2\/comments?post=3178"}],"version-history":[{"count":1,"href":"https:\/\/saltonoticias.com.uy\/uy\/wp-json\/wp\/v2\/posts\/3178\/revisions"}],"predecessor-version":[{"id":3184,"href":"https:\/\/saltonoticias.com.uy\/uy\/wp-json\/wp\/v2\/posts\/3178\/revisions\/3184"}],"wp:featuredmedia":[{"embeddable":true,"href":"https:\/\/saltonoticias.com.uy\/uy\/wp-json\/wp\/v2\/media\/3181"}],"wp:attachment":[{"href":"https:\/\/saltonoticias.com.uy\/uy\/wp-json\/wp\/v2\/media?parent=3178"}],"wp:term":[{"taxonomy":"category","embeddable":true,"href":"https:\/\/saltonoticias.com.uy\/uy\/wp-json\/wp\/v2\/categories?post=3178"},{"taxonomy":"post_tag","embeddable":true,"href":"https:\/\/saltonoticias.com.uy\/uy\/wp-json\/wp\/v2\/tags?post=3178"}],"curies":[{"name":"wp","href":"https:\/\/api.w.org\/{rel}","templated":true}]}}