{"id":3196,"date":"2026-05-01T12:43:50","date_gmt":"2026-05-01T12:43:50","guid":{"rendered":"https:\/\/saltonoticias.com.uy\/uy\/?p=3196"},"modified":"2026-05-01T12:43:50","modified_gmt":"2026-05-01T12:43:50","slug":"salto-se-proyecta-en-inteligencia-artificial","status":"publish","type":"post","link":"https:\/\/saltonoticias.com.uy\/uy\/salto-se-proyecta-en-inteligencia-artificial\/","title":{"rendered":"Salto se proyecta en inteligencia artificial"},"content":{"rendered":"\n<p><strong>Salto se proyecta en inteligencia artificial tras participaci\u00f3n en lanzamiento de AI for Good en Montevideo<\/strong><\/p>\n\n\n\n<p>El Coordinador de Innovaci\u00f3n y Desarrollo del Gobierno de Salto, Pablo Da Cunda, particip\u00f3 en Montevideo del lanzamiento del programa AI for Good Lab, impulsado por Microsoft en conjunto con actores clave del ecosistema nacional como LATU, MIEM y ANTEL, en el marco de la estrategia pa\u00eds de innovaci\u00f3n.<\/p>\n\n\n\n<p>Este laboratorio, el primero de su tipo en Am\u00e9rica del Sur, tiene como objetivo impulsar el desarrollo de soluciones basadas en inteligencia artificial con impacto social, productivo y p\u00fablico, mediante programas de formaci\u00f3n, co-innovaci\u00f3n y acompa\u00f1amiento hasta la implementaci\u00f3n de proyectos concretos.<\/p>\n\n\n\n<p>La iniciativa forma parte de una estrategia global que busca aplicar la inteligencia artificial para resolver desaf\u00edos relevantes en \u00e1reas como salud, sostenibilidad, agricultura y desarrollo social, conectando gobiernos, empresas y organizaciones en proyectos de alto impacto.<\/p>\n\n\n\n<p>En este marco, el Gobierno de Salto avanza en la identificaci\u00f3n de oportunidades para que el departamento pueda integrarse activamente a esta agenda, promoviendo la presentaci\u00f3n de proyectos que articulen innovaci\u00f3n, desarrollo productivo y transformaci\u00f3n p\u00fablica.<\/p>\n\n\n\n<p>\u201cEste tipo de iniciativas nos abre una oportunidad enorme. La inteligencia artificial ya no es algo del futuro, es una herramienta concreta para resolver problemas reales. Desde Salto queremos posicionarnos para aprovechar estos programas, presentar proyectos y conectar nuestras capacidades con redes globales de innovaci\u00f3n\u201d, expres\u00f3 Pablo Da Cunda.<\/p>\n\n\n\n<p>Asimismo, destac\u00f3 la importancia de trabajar con una mirada estrat\u00e9gica: \u201cLa clave est\u00e1 en articular. Cuando logramos conectar lo local con programas internacionales como AI for Good, generamos oportunidades reales para emprendedores, instituciones y para la modernizaci\u00f3n del propio Estado\u201d.<\/p>\n\n\n\n<p>La participaci\u00f3n en esta instancia se alinea con la estrategia que viene impulsando el Gobierno de Salto en materia de innovaci\u00f3n p\u00fablica y desarrollo productivo, buscando integrar nuevas tecnolog\u00edas como la inteligencia artificial al servicio del territorio y de su gente.<\/p>\n","protected":false},"excerpt":{"rendered":"<p>Salto se proyecta en inteligencia artificial tras participaci\u00f3n en lanzamiento de AI for Good en&#8230;<\/p>\n","protected":false},"author":5,"featured_media":3199,"comment_status":"closed","ping_status":"open","sticky":false,"template":"","format":"standard","meta":{"footnotes":""},"categories":[8],"tags":[],"class_list":["post-3196","post","type-post","status-publish","format-standard","has-post-thumbnail","hentry","category-locales"],"_links":{"self":[{"href":"https:\/\/saltonoticias.com.uy\/uy\/wp-json\/wp\/v2\/posts\/3196","targetHints":{"allow":["GET"]}}],"collection":[{"href":"https:\/\/saltonoticias.com.uy\/uy\/wp-json\/wp\/v2\/posts"}],"about":[{"href":"https:\/\/saltonoticias.com.uy\/uy\/wp-json\/wp\/v2\/types\/post"}],"author":[{"embeddable":true,"href":"https:\/\/saltonoticias.com.uy\/uy\/wp-json\/wp\/v2\/users\/5"}],"replies":[{"embeddable":true,"href":"https:\/\/saltonoticias.com.uy\/uy\/wp-json\/wp\/v2\/comments?post=3196"}],"version-history":[{"count":1,"href":"https:\/\/saltonoticias.com.uy\/uy\/wp-json\/wp\/v2\/posts\/3196\/revisions"}],"predecessor-version":[{"id":3202,"href":"https:\/\/saltonoticias.com.uy\/uy\/wp-json\/wp\/v2\/posts\/3196\/revisions\/3202"}],"wp:featuredmedia":[{"embeddable":true,"href":"https:\/\/saltonoticias.com.uy\/uy\/wp-json\/wp\/v2\/media\/3199"}],"wp:attachment":[{"href":"https:\/\/saltonoticias.com.uy\/uy\/wp-json\/wp\/v2\/media?parent=3196"}],"wp:term":[{"taxonomy":"category","embeddable":true,"href":"https:\/\/saltonoticias.com.uy\/uy\/wp-json\/wp\/v2\/categories?post=3196"},{"taxonomy":"post_tag","embeddable":true,"href":"https:\/\/saltonoticias.com.uy\/uy\/wp-json\/wp\/v2\/tags?post=3196"}],"curies":[{"name":"wp","href":"https:\/\/api.w.org\/{rel}","templated":true}]}}