{"id":3205,"date":"2026-05-01T19:41:58","date_gmt":"2026-05-01T19:41:58","guid":{"rendered":"https:\/\/saltonoticias.com.uy\/uy\/?p=3205"},"modified":"2026-05-01T19:41:58","modified_gmt":"2026-05-01T19:41:58","slug":"salto-vive-la-apertura-del-1-torneo-sudamericano-de-futbol-master","status":"publish","type":"post","link":"https:\/\/saltonoticias.com.uy\/uy\/salto-vive-la-apertura-del-1-torneo-sudamericano-de-futbol-master\/","title":{"rendered":"Salto vive la apertura del 1\u00b0\u00a0Torneo Sudamericano de F\u00fatbol M\u00e1ster"},"content":{"rendered":"\n<p>En este momento se est\u00e1 llevando a cabo la apertura de la 1\u00aa edici\u00f3n del Torneo Sudamericano de F\u00fatbol M\u00e1ster 2026, en el Complejo Arambarri, con la presencia de delegaciones nacionales e internacionales que ya comienzan a darle vida a la competencia.<\/p>\n\n\n\n<p>Equipos de distintos puntos de la regi\u00f3n se re\u00fanen en este evento que se disputa en categor\u00edas +45, +50 y +55, en un clima marcado por la camarader\u00eda, la emoci\u00f3n y la pasi\u00f3n por el f\u00fatbol.<\/p>\n\n\n\n<p>Durante el acto de bienvenida, desde la organizaci\u00f3n se agradece el esfuerzo de cada delegaci\u00f3n por estar presente: \u201cPara nosotros es una alegr\u00eda tenerlos ac\u00e1. Vamos a hacer lo mejor para atenderlos y que disfruten del torneo\u201d, se expresa ante los equipos.<\/p>\n\n\n\n<p>Tambi\u00e9n se destaca el apoyo del Gobierno de Salto y de las \u00e1reas de Deportes y Comunicaciones, fundamental para que el campeonato pueda concretarse.<\/p>\n\n\n\n<p>Con banderas de distintos pa\u00edses y delegaciones ya listas para salir a la cancha, Salto se convierte en escenario de un torneo que va m\u00e1s all\u00e1 de lo deportivo: un espacio de encuentro donde la pasi\u00f3n por el f\u00fatbol no tiene edad.<\/p>\n\n\n\n<p>Este viernes se jugaron los primeros partidos, dando inicio oficial a este campeonato internacional que continuar\u00e1 este s\u00e1bado.<\/p>\n","protected":false},"excerpt":{"rendered":"<p>En este momento se est\u00e1 llevando a cabo la apertura de la 1\u00aa edici\u00f3n del&#8230;<\/p>\n","protected":false},"author":5,"featured_media":3208,"comment_status":"closed","ping_status":"open","sticky":false,"template":"","format":"standard","meta":{"footnotes":""},"categories":[8],"tags":[],"class_list":["post-3205","post","type-post","status-publish","format-standard","has-post-thumbnail","hentry","category-locales"],"_links":{"self":[{"href":"https:\/\/saltonoticias.com.uy\/uy\/wp-json\/wp\/v2\/posts\/3205","targetHints":{"allow":["GET"]}}],"collection":[{"href":"https:\/\/saltonoticias.com.uy\/uy\/wp-json\/wp\/v2\/posts"}],"about":[{"href":"https:\/\/saltonoticias.com.uy\/uy\/wp-json\/wp\/v2\/types\/post"}],"author":[{"embeddable":true,"href":"https:\/\/saltonoticias.com.uy\/uy\/wp-json\/wp\/v2\/users\/5"}],"replies":[{"embeddable":true,"href":"https:\/\/saltonoticias.com.uy\/uy\/wp-json\/wp\/v2\/comments?post=3205"}],"version-history":[{"count":1,"href":"https:\/\/saltonoticias.com.uy\/uy\/wp-json\/wp\/v2\/posts\/3205\/revisions"}],"predecessor-version":[{"id":3211,"href":"https:\/\/saltonoticias.com.uy\/uy\/wp-json\/wp\/v2\/posts\/3205\/revisions\/3211"}],"wp:featuredmedia":[{"embeddable":true,"href":"https:\/\/saltonoticias.com.uy\/uy\/wp-json\/wp\/v2\/media\/3208"}],"wp:attachment":[{"href":"https:\/\/saltonoticias.com.uy\/uy\/wp-json\/wp\/v2\/media?parent=3205"}],"wp:term":[{"taxonomy":"category","embeddable":true,"href":"https:\/\/saltonoticias.com.uy\/uy\/wp-json\/wp\/v2\/categories?post=3205"},{"taxonomy":"post_tag","embeddable":true,"href":"https:\/\/saltonoticias.com.uy\/uy\/wp-json\/wp\/v2\/tags?post=3205"}],"curies":[{"name":"wp","href":"https:\/\/api.w.org\/{rel}","templated":true}]}}