{"id":3214,"date":"2026-05-01T20:17:13","date_gmt":"2026-05-01T20:17:13","guid":{"rendered":"https:\/\/saltonoticias.com.uy\/uy\/?p=3214"},"modified":"2026-05-01T20:17:14","modified_gmt":"2026-05-01T20:17:14","slug":"usuarios-de-taxis-deben-exigir-ver-la-planilla-tarifaria","status":"publish","type":"post","link":"https:\/\/saltonoticias.com.uy\/uy\/usuarios-de-taxis-deben-exigir-ver-la-planilla-tarifaria\/","title":{"rendered":"\u00a0Usuarios de taxis deben exigir ver la planilla tarifaria"},"content":{"rendered":"\n<p>El director de Movilidad Urbana del Gobierno de Salto, Alberto Sub\u00ed, record\u00f3 a los usuarios de taxis la importancia de exigir ver la planilla tarifaria antes de abonar el viaje, ya que este documento debe estar siempre a la vista del pasajero dentro de cada unidad.<\/p>\n\n\n\n<figure class=\"wp-block-image size-full\"><a href=\"https:\/\/saltonoticias.com.uy\/uy\/wp-content\/uploads\/2026\/05\/TAXI2.jpg\"><img loading=\"lazy\" decoding=\"async\" width=\"1024\" height=\"576\" src=\"https:\/\/saltonoticias.com.uy\/uy\/wp-content\/uploads\/2026\/05\/TAXI2.jpg\" alt=\"\" class=\"wp-image-3220\" srcset=\"https:\/\/saltonoticias.com.uy\/uy\/wp-content\/uploads\/2026\/05\/TAXI2.jpg 1024w, https:\/\/saltonoticias.com.uy\/uy\/wp-content\/uploads\/2026\/05\/TAXI2-300x169.jpg 300w, https:\/\/saltonoticias.com.uy\/uy\/wp-content\/uploads\/2026\/05\/TAXI2-768x432.jpg 768w\" sizes=\"auto, (max-width: 1024px) 100vw, 1024px\" \/><\/a><\/figure>\n\n\n\n<p>Sub\u00ed subray\u00f3 que se trata de la \u00fanica planilla oficial vigente, correspondiente al nuevo cuadro tarifario establecido por el Ministerio de Econom\u00eda y Finanzas (MEF) mediante la Resoluci\u00f3n N.\u00ba 340\/25, firmada por el ministro Gabriel Oddone, y avalada y confirmada por la Intendencia de Salto como el \u00fanico tarifario v\u00e1lido para todos los permisarios de tax\u00edmetro del departamento.<\/p>\n\n\n\n<p>En ese sentido, explic\u00f3 que la exhibici\u00f3n obligatoria de este documento garantiza transparencia en el servicio y permite al usuario conocer con claridad el costo del viaje antes de efectuar el pago.<\/p>\n\n\n\n<p>Desde la Direcci\u00f3n de Gesti\u00f3n de Tr\u00e1nsito se inici\u00f3 la distribuci\u00f3n de los nuevos cuadros tarifarios oficiales, los cuales deben ser exhibidos en las 73 unidades de taxi registradas en la ciudad. Cada veh\u00edculo contar\u00e1 con ejemplares plastificados, con sello oficial y firma del director, asegurando su autenticidad.<\/p>\n\n\n\n<p>De acuerdo con la normativa nacional vigente, la Tarifa Com\u00fan en Salto establece una bajada de bandera de $92,42 (incluye los primeros 250 metros) y un valor por ficha de $5,34 cada 100 metros. Por su parte, la Tarifa Especial \u2014aplicable en horario nocturno (de 22:00 a 06:00), domingos y feriados\u2014 contempla un recargo m\u00e1ximo del 20%, con una bajada de bandera de $110,90 y una ficha de $6,41.<\/p>\n\n\n\n<p>Asimismo, se establece un valor de espera de $579,10, mientras que la primera valija es sin costo y las adicionales tienen un valor m\u00e1ximo de $26,55.<\/p>\n\n\n\n<p>Desde Movilidad Urbana se exhorta a los pasajeros a verificar el tarifario al subir al taxi y, ante cualquier duda, solicitar al conductor que exhiba la planilla correspondiente antes de abonar.<\/p>\n\n\n\n<p>Finalmente, se inform\u00f3 que el Cuerpo Inspectivo realizar\u00e1 fiscalizaciones permanentes para controlar el cumplimiento de esta disposici\u00f3n, en el marco de las acciones que lleva adelante la administraci\u00f3n departamental para garantizar la transparencia del servicio y combatir la informalidad en el transporte.<\/p>\n\n\n\n<p>_________________________<\/p>\n","protected":false},"excerpt":{"rendered":"<p>El director de Movilidad Urbana del Gobierno de Salto, Alberto Sub\u00ed, record\u00f3 a los usuarios&#8230;<\/p>\n","protected":false},"author":5,"featured_media":3217,"comment_status":"closed","ping_status":"open","sticky":false,"template":"","format":"standard","meta":{"footnotes":""},"categories":[8],"tags":[],"class_list":["post-3214","post","type-post","status-publish","format-standard","has-post-thumbnail","hentry","category-locales"],"_links":{"self":[{"href":"https:\/\/saltonoticias.com.uy\/uy\/wp-json\/wp\/v2\/posts\/3214","targetHints":{"allow":["GET"]}}],"collection":[{"href":"https:\/\/saltonoticias.com.uy\/uy\/wp-json\/wp\/v2\/posts"}],"about":[{"href":"https:\/\/saltonoticias.com.uy\/uy\/wp-json\/wp\/v2\/types\/post"}],"author":[{"embeddable":true,"href":"https:\/\/saltonoticias.com.uy\/uy\/wp-json\/wp\/v2\/users\/5"}],"replies":[{"embeddable":true,"href":"https:\/\/saltonoticias.com.uy\/uy\/wp-json\/wp\/v2\/comments?post=3214"}],"version-history":[{"count":1,"href":"https:\/\/saltonoticias.com.uy\/uy\/wp-json\/wp\/v2\/posts\/3214\/revisions"}],"predecessor-version":[{"id":3223,"href":"https:\/\/saltonoticias.com.uy\/uy\/wp-json\/wp\/v2\/posts\/3214\/revisions\/3223"}],"wp:featuredmedia":[{"embeddable":true,"href":"https:\/\/saltonoticias.com.uy\/uy\/wp-json\/wp\/v2\/media\/3217"}],"wp:attachment":[{"href":"https:\/\/saltonoticias.com.uy\/uy\/wp-json\/wp\/v2\/media?parent=3214"}],"wp:term":[{"taxonomy":"category","embeddable":true,"href":"https:\/\/saltonoticias.com.uy\/uy\/wp-json\/wp\/v2\/categories?post=3214"},{"taxonomy":"post_tag","embeddable":true,"href":"https:\/\/saltonoticias.com.uy\/uy\/wp-json\/wp\/v2\/tags?post=3214"}],"curies":[{"name":"wp","href":"https:\/\/api.w.org\/{rel}","templated":true}]}}