{"id":3235,"date":"2026-05-01T20:38:26","date_gmt":"2026-05-01T20:38:26","guid":{"rendered":"https:\/\/saltonoticias.com.uy\/uy\/?p=3235"},"modified":"2026-05-01T20:38:26","modified_gmt":"2026-05-01T20:38:26","slug":"apreciada-comunidad-leonistica","status":"publish","type":"post","link":"https:\/\/saltonoticias.com.uy\/uy\/apreciada-comunidad-leonistica\/","title":{"rendered":"Apreciada Comunidad Leon\u00edstica"},"content":{"rendered":"\n<p>En este D\u00eda del Trabajador queremos hacer un reconocimiento muy especial a todas las personas que, desde distintos lugares, aportan con esfuerzo, compromiso y vocaci\u00f3n al bienestar de nuestra sociedad.<\/p>\n\n\n\n<p>De manera muy particular, queremos destacar el valor del voluntariado. Aquellos que brindan su tiempo, su energ\u00eda y su coraz\u00f3n de forma desinteresada tambi\u00e9n construyen, tambi\u00e9n trabajan y tambi\u00e9n transforman realidades \ud83e\udd1d<\/p>\n\n\n\n<p>Ser voluntario es una forma profunda de trabajo: es compromiso con el otro, es empat\u00eda en acci\u00f3n y es creer que, entre todos, podemos hacer una diferencia.<\/p>\n\n\n\n<p>Sigamos fortaleciendo esta cultura del servicio, del esfuerzo y de la solidaridad, pilares fundamentales para una sociedad m\u00e1s justa y humana \ud83c\udf0d<\/p>\n\n\n\n<p>Feliz D\u00eda del Trabajador para todos, y especialmente para quienes trabajan tambi\u00e9n desde el coraz\u00f3n \u2764\ufe0f<\/p>\n\n\n\n<p>Le\u00f3n Prof. Camilo Pintos Acosta<br>Presidente &#8211; Per\u00edodo 2025\/2026<\/p>\n","protected":false},"excerpt":{"rendered":"<p>En este D\u00eda del Trabajador queremos hacer un reconocimiento muy especial a todas las personas&#8230;<\/p>\n","protected":false},"author":5,"featured_media":3238,"comment_status":"closed","ping_status":"open","sticky":false,"template":"","format":"standard","meta":{"footnotes":""},"categories":[8],"tags":[],"class_list":["post-3235","post","type-post","status-publish","format-standard","has-post-thumbnail","hentry","category-locales"],"_links":{"self":[{"href":"https:\/\/saltonoticias.com.uy\/uy\/wp-json\/wp\/v2\/posts\/3235","targetHints":{"allow":["GET"]}}],"collection":[{"href":"https:\/\/saltonoticias.com.uy\/uy\/wp-json\/wp\/v2\/posts"}],"about":[{"href":"https:\/\/saltonoticias.com.uy\/uy\/wp-json\/wp\/v2\/types\/post"}],"author":[{"embeddable":true,"href":"https:\/\/saltonoticias.com.uy\/uy\/wp-json\/wp\/v2\/users\/5"}],"replies":[{"embeddable":true,"href":"https:\/\/saltonoticias.com.uy\/uy\/wp-json\/wp\/v2\/comments?post=3235"}],"version-history":[{"count":1,"href":"https:\/\/saltonoticias.com.uy\/uy\/wp-json\/wp\/v2\/posts\/3235\/revisions"}],"predecessor-version":[{"id":3241,"href":"https:\/\/saltonoticias.com.uy\/uy\/wp-json\/wp\/v2\/posts\/3235\/revisions\/3241"}],"wp:featuredmedia":[{"embeddable":true,"href":"https:\/\/saltonoticias.com.uy\/uy\/wp-json\/wp\/v2\/media\/3238"}],"wp:attachment":[{"href":"https:\/\/saltonoticias.com.uy\/uy\/wp-json\/wp\/v2\/media?parent=3235"}],"wp:term":[{"taxonomy":"category","embeddable":true,"href":"https:\/\/saltonoticias.com.uy\/uy\/wp-json\/wp\/v2\/categories?post=3235"},{"taxonomy":"post_tag","embeddable":true,"href":"https:\/\/saltonoticias.com.uy\/uy\/wp-json\/wp\/v2\/tags?post=3235"}],"curies":[{"name":"wp","href":"https:\/\/api.w.org\/{rel}","templated":true}]}}