{"id":3244,"date":"2026-05-01T22:20:05","date_gmt":"2026-05-01T22:20:05","guid":{"rendered":"https:\/\/saltonoticias.com.uy\/uy\/?p=3244"},"modified":"2026-05-01T22:20:05","modified_gmt":"2026-05-01T22:20:05","slug":"dgi-y-bps-cambian-plazos-de-vencimientos-de-mayo","status":"publish","type":"post","link":"https:\/\/saltonoticias.com.uy\/uy\/dgi-y-bps-cambian-plazos-de-vencimientos-de-mayo\/","title":{"rendered":"DGI y BPS cambian plazos de vencimientos de mayo"},"content":{"rendered":"\n<p id=\"p-1777669581947-81621\">La&nbsp;<strong>Direcci\u00f3n General Impositiva (<a href=\"https:\/\/www.elobservador.com.uy\/nacional\/devolucion-irpf-2026-los-requisitos-que-establece-dgi-y-el-paso-paso-cobrar-el-saldo-n6042519\" target=\"_blank\" rel=\"noreferrer noopener\">DGI<\/a>)&nbsp;<\/strong>y el&nbsp;<strong>Banco de Previsi\u00f3n Social (BPS)&nbsp;<\/strong>confirmaron el&nbsp;<strong>calendario de vencimientos fiscales para el mes de mayo de 2026<\/strong>. Adem\u00e1s, el gobierno oficializ\u00f3 una&nbsp;<strong>pr\u00f3rroga excepcional para el pago de aportes de un sector espec\u00edfico<\/strong>, con el objetivo de aliviar su carga financiera.<\/p>\n\n\n\n<p id=\"p-1777669581947-46393\">La medida de alivio fiscal fue comunicada en conjunto por el BPS y el Ministerio de Ganader\u00eda, Agricultura y Pesca (MGAP).&nbsp;<strong>La resoluci\u00f3n busca mitigar el impacto del estr\u00e9s h\u00eddrico en la producci\u00f3n primaria.<\/strong><\/p>\n\n\n\n<h2 class=\"wp-block-heading\" id=\"p-1777669581947-11325\">El nuevo calendario de DGI para mayo<\/h2>\n\n\n\n<p id=\"p-1777669581947-42687\">Los contribuyentes deben cumplir con sus obligaciones seg\u00fan el grupo al que pertenecen. Los pagos se realizan de forma electr\u00f3nica a trav\u00e9s de internet o en las redes de cobranza habilitadas en todo el pa\u00eds.<\/p>\n\n\n\n<p id=\"p-1777669581947-41784\">Las fechas l\u00edmite para el quinto mes del a\u00f1o son las siguientes:<\/p>\n\n\n\n<ul id=\"p-1777669581947-23970\" class=\"wp-block-list\">\n<li><strong>IVA M\u00ednimo (peque\u00f1as empresas):<\/strong>\u00a020 de mayo.<\/li>\n\n\n\n<li><strong>Grupo CEDE y Grandes Contribuyentes:<\/strong>\u00a022 de mayo.<\/li>\n\n\n\n<li><strong>Grupo NO CEDE:<\/strong>\u00a025 de mayo.<\/li>\n\n\n\n<li><strong>Servicios Personales (bimestre marzo-abril):<\/strong>\u00a025 de mayo.<\/li>\n<\/ul>\n\n\n\n<h2 class=\"wp-block-heading\" id=\"p-1777669581947-48016\">La pr\u00f3rroga del BPS: qui\u00e9nes se benefician<\/h2>\n\n\n\n<p id=\"p-1777669581947-45184\">El Banco de Previsi\u00f3n Social estableci\u00f3 una extensi\u00f3n en los plazos para el pago de aportes patronales y personales a la seguridad social del sector rural. La normativa aplica exclusivamente a las empresas que exploten al menos una hect\u00e1rea debidamente declarada, sin importar la forma de tenencia.<\/p>\n\n\n\n<p id=\"p-1777669581947-42648\">Las explotaciones agropecuarias beneficiadas deben estar ubicadas, total o parcialmente, en los departamentos de Canelones, Colonia, Florida, Lavalleja, Maldonado, Montevideo, Rocha o San Jos\u00e9.<\/p>\n\n\n\n<p id=\"p-1777669581947-69207\">El nuevo esquema de vencimientos para los productores rurales qued\u00f3 definido de esta manera:<\/p>\n\n\n\n<ul id=\"p-1777669581947-84731\" class=\"wp-block-list\">\n<li><strong>\u00daltimo cuatrimestre de 2025 (setiembre a diciembre):<\/strong>\u00a0El plazo para el pago se extiende hasta el 31 de mayo de 2026.<\/li>\n\n\n\n<li><strong>Primer cuatrimestre de 2026 (enero a abril):<\/strong>\u00a0El vencimiento original se traslada al 31 de julio de 2026.<\/li>\n<\/ul>\n\n\n\n<h2 class=\"wp-block-heading\" id=\"p-1777669581947-15943\">Las condiciones de la medida<\/h2>\n\n\n\n<p id=\"p-1777669581947-89799\">La resoluci\u00f3n oficial aclara que esta pr\u00f3rroga no exime a los productores de presentar la declaraci\u00f3n nominada en los plazos vigentes originalmente. El tr\u00e1mite administrativo de presentaci\u00f3n debe cumplirse en fecha, independientemente de la postergaci\u00f3n del pago.<\/p>\n\n\n\n<p id=\"p-1777669581947-36447\">Tampoco se suspende el pago de las cuotas correspondientes a convenios de facilidades de pago anteriores. Estas obligaciones deben abonarse con total normalidad para no perder los beneficios de la refinanciaci\u00f3n previamente acordada.<\/p>\n\n\n\n<p>Fuente : El Observador.<\/p>\n","protected":false},"excerpt":{"rendered":"<p>La&nbsp;Direcci\u00f3n General Impositiva (DGI)&nbsp;y el&nbsp;Banco de Previsi\u00f3n Social (BPS)&nbsp;confirmaron el&nbsp;calendario de vencimientos fiscales para el&#8230;<\/p>\n","protected":false},"author":5,"featured_media":3247,"comment_status":"closed","ping_status":"open","sticky":false,"template":"","format":"standard","meta":{"footnotes":""},"categories":[17],"tags":[],"class_list":["post-3244","post","type-post","status-publish","format-standard","has-post-thumbnail","hentry","category-nacionales"],"_links":{"self":[{"href":"https:\/\/saltonoticias.com.uy\/uy\/wp-json\/wp\/v2\/posts\/3244","targetHints":{"allow":["GET"]}}],"collection":[{"href":"https:\/\/saltonoticias.com.uy\/uy\/wp-json\/wp\/v2\/posts"}],"about":[{"href":"https:\/\/saltonoticias.com.uy\/uy\/wp-json\/wp\/v2\/types\/post"}],"author":[{"embeddable":true,"href":"https:\/\/saltonoticias.com.uy\/uy\/wp-json\/wp\/v2\/users\/5"}],"replies":[{"embeddable":true,"href":"https:\/\/saltonoticias.com.uy\/uy\/wp-json\/wp\/v2\/comments?post=3244"}],"version-history":[{"count":1,"href":"https:\/\/saltonoticias.com.uy\/uy\/wp-json\/wp\/v2\/posts\/3244\/revisions"}],"predecessor-version":[{"id":3250,"href":"https:\/\/saltonoticias.com.uy\/uy\/wp-json\/wp\/v2\/posts\/3244\/revisions\/3250"}],"wp:featuredmedia":[{"embeddable":true,"href":"https:\/\/saltonoticias.com.uy\/uy\/wp-json\/wp\/v2\/media\/3247"}],"wp:attachment":[{"href":"https:\/\/saltonoticias.com.uy\/uy\/wp-json\/wp\/v2\/media?parent=3244"}],"wp:term":[{"taxonomy":"category","embeddable":true,"href":"https:\/\/saltonoticias.com.uy\/uy\/wp-json\/wp\/v2\/categories?post=3244"},{"taxonomy":"post_tag","embeddable":true,"href":"https:\/\/saltonoticias.com.uy\/uy\/wp-json\/wp\/v2\/tags?post=3244"}],"curies":[{"name":"wp","href":"https:\/\/api.w.org\/{rel}","templated":true}]}}